{"id":67742,"date":"2022-10-28T09:19:33","date_gmt":"2022-10-28T07:19:33","guid":{"rendered":"https:\/\/agora.xtec.cat\/iesguindavols\/?p=67742"},"modified":"2023-06-21T09:21:30","modified_gmt":"2023-06-21T07:21:30","slug":"1r-eso-visita-lexposicio-del-cientific-joan-oro","status":"publish","type":"post","link":"https:\/\/agora.xtec.cat\/iesguindavols\/general\/1r-eso-visita-lexposicio-del-cientific-joan-oro\/","title":{"rendered":"1r ESO VISITA L\u2019EXPOSICI\u00d3 DEL CIENT\u00cdFIC JOAN OR\u00d3"},"content":{"rendered":"<p><a href=\"https:\/\/agora.xtec.cat\/iesguindavols\/wp-content\/uploads\/usu2923\/2023\/06\/IMG_0088-1200x500_c.jpg\"><img loading=\"lazy\" decoding=\"async\" class=\"alignnone size-full wp-image-67743\" src=\"https:\/\/agora.xtec.cat\/iesguindavols\/wp-content\/uploads\/usu2923\/2023\/06\/IMG_0088-1200x500_c.jpg\" alt=\"\" width=\"1200\" height=\"500\" srcset=\"https:\/\/agora.xtec.cat\/iesguindavols\/wp-content\/uploads\/usu2923\/2023\/06\/IMG_0088-1200x500_c.jpg 1200w, https:\/\/agora.xtec.cat\/iesguindavols\/wp-content\/uploads\/usu2923\/2023\/06\/IMG_0088-1200x500_c-300x125.jpg 300w, https:\/\/agora.xtec.cat\/iesguindavols\/wp-content\/uploads\/usu2923\/2023\/06\/IMG_0088-1200x500_c-1024x427.jpg 1024w, https:\/\/agora.xtec.cat\/iesguindavols\/wp-content\/uploads\/usu2923\/2023\/06\/IMG_0088-1200x500_c-768x320.jpg 768w\" sizes=\"auto, (max-width: 1200px) 100vw, 1200px\" \/><\/a><\/p>\n<p>El passat dijous dia 27 d\u2019octubre l\u2019alumnat de 1r ESO va visitar l\u2019exposici\u00f3 del cient\u00edfic Joan Or\u00f3. Tot i que amb l\u2019alumnat ja s\u2019havia treballat el cient\u00edfic lleidat\u00e0, la visita a aquesta exposici\u00f3 els hi va permetre ampliar la informaci\u00f3 de la seva traject\u00f2ria cient\u00edfica. L\u2019exposici\u00f3 els hi va agradar molt\u00edssim.<\/p>\n<p>Aquesta sortida forma part del projecte \u201cConeguem Lleida, coneguem Guind\u00e0vols\u201d.<\/p>\n<div class=\"addtoany_share_save_container addtoany_content addtoany_content_bottom\">\n<div class=\"a2a_kit a2a_kit_size_16 addtoany_list\" data-a2a-url=\"https:\/\/portal.institutguindavols.cat\/index.php\/2022\/10\/28\/1r-eso-visita-lexposicio-del-cientific-joan-oro\/\" data-a2a-title=\"1r ESO VISITA L\u2019EXPOSICI\u00d3 DEL CIENT\u00cdFIC JOAN OR\u00d3\"><a class=\"a2a_button_facebook\" title=\"Facebook\" href=\"https:\/\/portal.institutguindavols.cat\/#facebook\" target=\"_blank\" rel=\"nofollow noopener\"><span class=\"a2a_label\">Facebook<\/span><\/a><a class=\"a2a_button_twitter\" title=\"Twitter\" href=\"https:\/\/portal.institutguindavols.cat\/#twitter\" target=\"_blank\" rel=\"nofollow noopener\"><span class=\"a2a_label\">Twitter<\/span><\/a><\/div>\n<\/div>\n","protected":false},"excerpt":{"rendered":"<p><a href=\"https:\/\/agora.xtec.cat\/iesguindavols\/wp-content\/uploads\/usu2923\/2023\/06\/IMG_0088-1200x500_c.jpg\"><\/a><br \/>\nEl passat dijous dia 27 d\u2019octubre l\u2019alumnat de 1r ESO va visitar l\u2019exposici\u00f3 del cient\u00edfic Joan Or\u00f3. Tot i que amb l\u2019alumnat ja s\u2019havia treballat el cient\u00edfic lleidat\u00e0, la visita a aquesta exposici\u00f3 els hi va permetre ampliar la informaci\u00f3 de la seva traject\u00f2ria&hellip;  <a href=\"https:\/\/agora.xtec.cat\/iesguindavols\/general\/1r-eso-visita-lexposicio-del-cientific-joan-oro\/\" title=\"Read 1r ESO VISITA L\u2019EXPOSICI\u00d3 DEL CIENT\u00cdFIC JOAN OR\u00d3\">Llegeix m\u00e9s\u00bb<\/a><\/p>\n","protected":false},"author":6,"featured_media":67743,"comment_status":"open","ping_status":"closed","sticky":false,"template":"","format":"standard","meta":{"_bbp_topic_count":0,"_bbp_reply_count":0,"_bbp_total_topic_count":0,"_bbp_total_reply_count":0,"_bbp_voice_count":0,"_bbp_anonymous_reply_count":0,"_bbp_topic_count_hidden":0,"_bbp_reply_count_hidden":0,"_bbp_forum_subforum_count":0,"footnotes":""},"categories":[109,107,251,110,1,143,144,29],"tags":[],"class_list":["post-67742","post","type-post","status-publish","format-standard","has-post-thumbnail","hentry","category-activitats","category-centre","category-education-2","category-eso-al-guindavols","category-general","category-noticies","category-novetats","category-portada"],"post_mailing_queue_ids":[],"_links":{"self":[{"href":"https:\/\/agora.xtec.cat\/iesguindavols\/wp-json\/wp\/v2\/posts\/67742","targetHints":{"allow":["GET"]}}],"collection":[{"href":"https:\/\/agora.xtec.cat\/iesguindavols\/wp-json\/wp\/v2\/posts"}],"about":[{"href":"https:\/\/agora.xtec.cat\/iesguindavols\/wp-json\/wp\/v2\/types\/post"}],"author":[{"embeddable":true,"href":"https:\/\/agora.xtec.cat\/iesguindavols\/wp-json\/wp\/v2\/users\/6"}],"replies":[{"embeddable":true,"href":"https:\/\/agora.xtec.cat\/iesguindavols\/wp-json\/wp\/v2\/comments?post=67742"}],"version-history":[{"count":2,"href":"https:\/\/agora.xtec.cat\/iesguindavols\/wp-json\/wp\/v2\/posts\/67742\/revisions"}],"predecessor-version":[{"id":67745,"href":"https:\/\/agora.xtec.cat\/iesguindavols\/wp-json\/wp\/v2\/posts\/67742\/revisions\/67745"}],"wp:featuredmedia":[{"embeddable":true,"href":"https:\/\/agora.xtec.cat\/iesguindavols\/wp-json\/wp\/v2\/media\/67743"}],"wp:attachment":[{"href":"https:\/\/agora.xtec.cat\/iesguindavols\/wp-json\/wp\/v2\/media?parent=67742"}],"wp:term":[{"taxonomy":"category","embeddable":true,"href":"https:\/\/agora.xtec.cat\/iesguindavols\/wp-json\/wp\/v2\/categories?post=67742"},{"taxonomy":"post_tag","embeddable":true,"href":"https:\/\/agora.xtec.cat\/iesguindavols\/wp-json\/wp\/v2\/tags?post=67742"}],"curies":[{"name":"wp","href":"https:\/\/api.w.org\/{rel}","templated":true}]}}