{"id":67725,"date":"2022-11-09T09:06:26","date_gmt":"2022-11-09T08:06:26","guid":{"rendered":"https:\/\/agora.xtec.cat\/iesguindavols\/?p=67725"},"modified":"2023-06-21T09:15:56","modified_gmt":"2023-06-21T07:15:56","slug":"worldskills-special-edition-2022","status":"publish","type":"post","link":"https:\/\/agora.xtec.cat\/iesguindavols\/general\/worldskills-special-edition-2022\/","title":{"rendered":"Worldskills Special Edition 2022"},"content":{"rendered":"<p><a href=\"https:\/\/agora.xtec.cat\/iesguindavols\/wp-content\/uploads\/usu2923\/2023\/06\/1668534559947-e1668534993584-1200x500_c.jpg\"><img loading=\"lazy\" decoding=\"async\" class=\"alignnone size-full wp-image-67726\" src=\"https:\/\/agora.xtec.cat\/iesguindavols\/wp-content\/uploads\/usu2923\/2023\/06\/1668534559947-e1668534993584-1200x500_c.jpg\" alt=\"\" width=\"1200\" height=\"500\" srcset=\"https:\/\/agora.xtec.cat\/iesguindavols\/wp-content\/uploads\/usu2923\/2023\/06\/1668534559947-e1668534993584-1200x500_c.jpg 1200w, https:\/\/agora.xtec.cat\/iesguindavols\/wp-content\/uploads\/usu2923\/2023\/06\/1668534559947-e1668534993584-1200x500_c-300x125.jpg 300w, https:\/\/agora.xtec.cat\/iesguindavols\/wp-content\/uploads\/usu2923\/2023\/06\/1668534559947-e1668534993584-1200x500_c-1024x427.jpg 1024w, https:\/\/agora.xtec.cat\/iesguindavols\/wp-content\/uploads\/usu2923\/2023\/06\/1668534559947-e1668534993584-1200x500_c-768x320.jpg 768w\" sizes=\"auto, (max-width: 1200px) 100vw, 1200px\" \/><\/a><\/p>\n<p>Ja ha tornat El\u00a0<strong>Pol Dalmau Artigas<\/strong>, de l\u2019Institut Guind\u00e0vols, que ha competit en els\u00a0<strong>Worldskills Special Edition a Larh (Alemanya) en l\u2019Skill 15.<\/strong>\u00a0Lampisteria i calefacci\u00f3.<\/p>\n<table style=\"border-collapse: collapse; width: 100%; height: 430px;\">\n<tbody>\n<tr style=\"height: 430px;\">\n<td style=\"border-color: #ffffff; height: 430px; width: 50.24%;\"><a href=\"https:\/\/agora.xtec.cat\/iesguindavols\/wp-content\/uploads\/usu2923\/2023\/06\/1668534559947-e1668534993584-768x1024-1.jpg\"><img loading=\"lazy\" decoding=\"async\" class=\"alignnone size-full wp-image-67727\" src=\"https:\/\/agora.xtec.cat\/iesguindavols\/wp-content\/uploads\/usu2923\/2023\/06\/1668534559947-e1668534993584-768x1024-1.jpg\" alt=\"\" width=\"768\" height=\"1024\" srcset=\"https:\/\/agora.xtec.cat\/iesguindavols\/wp-content\/uploads\/usu2923\/2023\/06\/1668534559947-e1668534993584-768x1024-1.jpg 768w, https:\/\/agora.xtec.cat\/iesguindavols\/wp-content\/uploads\/usu2923\/2023\/06\/1668534559947-e1668534993584-768x1024-1-225x300.jpg 225w\" sizes=\"auto, (max-width: 768px) 100vw, 768px\" \/><\/a><\/td>\n<td style=\"border-color: #ffffff; height: 430px; width: 49.6%;\"><a href=\"https:\/\/agora.xtec.cat\/iesguindavols\/wp-content\/uploads\/usu2923\/2023\/06\/1668534559990-e1668535016173-768x1024-1.jpg\"><img loading=\"lazy\" decoding=\"async\" class=\"alignnone size-full wp-image-67728\" src=\"https:\/\/agora.xtec.cat\/iesguindavols\/wp-content\/uploads\/usu2923\/2023\/06\/1668534559990-e1668535016173-768x1024-1.jpg\" alt=\"\" width=\"768\" height=\"1024\" srcset=\"https:\/\/agora.xtec.cat\/iesguindavols\/wp-content\/uploads\/usu2923\/2023\/06\/1668534559990-e1668535016173-768x1024-1.jpg 768w, https:\/\/agora.xtec.cat\/iesguindavols\/wp-content\/uploads\/usu2923\/2023\/06\/1668534559990-e1668535016173-768x1024-1-225x300.jpg 225w\" sizes=\"auto, (max-width: 768px) 100vw, 768px\" \/><\/a><\/td>\n<\/tr>\n<\/tbody>\n<\/table>\n<p>Els\u00a0Worldskills Special Edition 2022\u00a0s\u2019han organitzat despr\u00e9s que Shangai renunci\u00e9s a acollir els Worldskills 2022. Aquest fet ha perm\u00e8s portar l\u2019excel\u00b7l\u00e8ncia de la formaci\u00f3 professional arreu del planeta, ja que la competici\u00f3 ha tingut lloc a diferents seus d\u2019Europa, \u00c0sia i Am\u00e8rica, de manera que els diferents pa\u00efsos organitzadors s\u2019han encarregat d\u2019un o m\u00e9s\u00a0skills\u00a0entre els mesos de setembre i novembre. Concretament la competici\u00f3 de l\u2019Skill15 ha tingut lloc a la f\u00e0brica de Grohe situada a la poblaci\u00f3 de Lahr.<\/p>\n<table style=\"border-collapse: collapse; width: 100%;\">\n<tbody>\n<tr>\n<td style=\"width: 33.3333%; border-color: #ffffff;\">\u00a0<a href=\"https:\/\/agora.xtec.cat\/iesguindavols\/wp-content\/uploads\/usu2923\/2023\/06\/IMG_20221102_130051-1024x768-1.jpg\"><img loading=\"lazy\" decoding=\"async\" class=\"alignnone size-full wp-image-67730\" src=\"https:\/\/agora.xtec.cat\/iesguindavols\/wp-content\/uploads\/usu2923\/2023\/06\/IMG_20221102_130051-1024x768-1.jpg\" alt=\"\" width=\"1024\" height=\"768\" srcset=\"https:\/\/agora.xtec.cat\/iesguindavols\/wp-content\/uploads\/usu2923\/2023\/06\/IMG_20221102_130051-1024x768-1.jpg 1024w, https:\/\/agora.xtec.cat\/iesguindavols\/wp-content\/uploads\/usu2923\/2023\/06\/IMG_20221102_130051-1024x768-1-300x225.jpg 300w, https:\/\/agora.xtec.cat\/iesguindavols\/wp-content\/uploads\/usu2923\/2023\/06\/IMG_20221102_130051-1024x768-1-768x576.jpg 768w, https:\/\/agora.xtec.cat\/iesguindavols\/wp-content\/uploads\/usu2923\/2023\/06\/IMG_20221102_130051-1024x768-1-200x150.jpg 200w\" sizes=\"auto, (max-width: 1024px) 100vw, 1024px\" \/><\/a><\/td>\n<td style=\"width: 33.3333%; border-color: #ffffff;\"><a href=\"https:\/\/agora.xtec.cat\/iesguindavols\/wp-content\/uploads\/usu2923\/2023\/06\/1668534559981-1024x768-1.jpg\"><img loading=\"lazy\" decoding=\"async\" class=\"alignnone size-full wp-image-67729\" src=\"https:\/\/agora.xtec.cat\/iesguindavols\/wp-content\/uploads\/usu2923\/2023\/06\/1668534559981-1024x768-1.jpg\" alt=\"\" width=\"1024\" height=\"768\" srcset=\"https:\/\/agora.xtec.cat\/iesguindavols\/wp-content\/uploads\/usu2923\/2023\/06\/1668534559981-1024x768-1.jpg 1024w, https:\/\/agora.xtec.cat\/iesguindavols\/wp-content\/uploads\/usu2923\/2023\/06\/1668534559981-1024x768-1-300x225.jpg 300w, https:\/\/agora.xtec.cat\/iesguindavols\/wp-content\/uploads\/usu2923\/2023\/06\/1668534559981-1024x768-1-768x576.jpg 768w, https:\/\/agora.xtec.cat\/iesguindavols\/wp-content\/uploads\/usu2923\/2023\/06\/1668534559981-1024x768-1-200x150.jpg 200w\" sizes=\"auto, (max-width: 1024px) 100vw, 1024px\" \/><\/a><\/td>\n<td style=\"width: 33.3333%; border-color: #ffffff;\"><a href=\"https:\/\/agora.xtec.cat\/iesguindavols\/wp-content\/uploads\/usu2923\/2023\/06\/1668534559968-e1668535044201-768x1024-1.jpg\"><img loading=\"lazy\" decoding=\"async\" class=\"alignnone wp-image-67731\" src=\"https:\/\/agora.xtec.cat\/iesguindavols\/wp-content\/uploads\/usu2923\/2023\/06\/1668534559968-e1668535044201-768x1024-1.jpg\" alt=\"\" width=\"150\" height=\"201\" srcset=\"https:\/\/agora.xtec.cat\/iesguindavols\/wp-content\/uploads\/usu2923\/2023\/06\/1668534559968-e1668535044201-768x1024-1.jpg 768w, https:\/\/agora.xtec.cat\/iesguindavols\/wp-content\/uploads\/usu2923\/2023\/06\/1668534559968-e1668535044201-768x1024-1-225x300.jpg 225w\" sizes=\"auto, (max-width: 150px) 100vw, 150px\" \/><\/a><\/td>\n<\/tr>\n<\/tbody>\n<\/table>\n<p><a href=\"https:\/\/agora.xtec.cat\/iesguindavols\/wp-content\/uploads\/usu2923\/2023\/06\/1668534559925-1024x768-1.jpg\"><img loading=\"lazy\" decoding=\"async\" class=\"alignnone size-full wp-image-67732\" src=\"https:\/\/agora.xtec.cat\/iesguindavols\/wp-content\/uploads\/usu2923\/2023\/06\/1668534559925-1024x768-1.jpg\" alt=\"\" width=\"1024\" height=\"768\" srcset=\"https:\/\/agora.xtec.cat\/iesguindavols\/wp-content\/uploads\/usu2923\/2023\/06\/1668534559925-1024x768-1.jpg 1024w, https:\/\/agora.xtec.cat\/iesguindavols\/wp-content\/uploads\/usu2923\/2023\/06\/1668534559925-1024x768-1-300x225.jpg 300w, https:\/\/agora.xtec.cat\/iesguindavols\/wp-content\/uploads\/usu2923\/2023\/06\/1668534559925-1024x768-1-768x576.jpg 768w, https:\/\/agora.xtec.cat\/iesguindavols\/wp-content\/uploads\/usu2923\/2023\/06\/1668534559925-1024x768-1-200x150.jpg 200w\" sizes=\"auto, (max-width: 1024px) 100vw, 1024px\" \/><\/a><\/p>\n<p>En l\u2019Skill15.Plumbing and Heating el competidor ha de planificar, dissenyar, seleccionar, instal\u00b7lar i reparar tot tipus de sistemes i aparells relacionats amb la fontaneria i calefacci\u00f3. Durant tota la competici\u00f3 el Pol va est\u00e0 acompanyat pel seu tutor i per l\u2019expert estatal d\u2019aquest Skill.<\/p>\n<p>Felicitem a tots els competidors i competidores que han participat demostrant la seva destresa desenvolupant l\u2019ofici que tant els agrada i en qu\u00e8 mostren tanta habilitat. Tamb\u00e9 hem d\u2019agrair la feina de tots els tutors i tutores que han acompanyat als competidors i competidores en aquest cam\u00ed, formant-los i assessorant-los en tot moment. Ara toca preparar-se i treballar dur per la seg\u00fcent competici\u00f3, Euroskills2022, que tindr\u00e0 lloc a \u00a0Gdansk (Pol\u00f2nia) el pr\u00f2xim mes de setembre.<\/p>\n<p>&nbsp;<\/p>\n<p>Per m\u00e9s informaci\u00f3 podeu visitar les seg\u00fcents pagines web:<\/p>\n<p><a href=\"https:\/\/worldskills2022se.com\/\">https:\/\/worldskills2022se.com\/<\/a><\/p>\n<p><a href=\"https:\/\/www.worldskillsgermany.com\/worldskills2022se\/lahr-eng\/\">https:\/\/www.worldskillsgermany.com\/worldskills2022se\/lahr-eng\/<\/a><\/p>\n","protected":false},"excerpt":{"rendered":"<p><a href=\"https:\/\/agora.xtec.cat\/iesguindavols\/wp-content\/uploads\/usu2923\/2023\/06\/1668534559947-e1668534993584-1200x500_c.jpg\"><\/a><br \/>\nJa ha tornat El\u00a0Pol Dalmau Artigas, de l\u2019Institut Guind\u00e0vols, que ha competit en els\u00a0Worldskills Special Edition a Larh (Alemanya) en l\u2019Skill 15.\u00a0Lampisteria i calefacci\u00f3.<\/p>\n<p><a href=\"https:\/\/agora.xtec.cat\/iesguindavols\/wp-content\/uploads\/usu2923\/2023\/06\/1668534559947-e1668534993584-768x1024-1.jpg\"><\/a><br \/>\n<a href=\"https:\/\/agora.xtec.cat\/iesguindavols\/wp-content\/uploads\/usu2923\/2023\/06\/1668534559990-e1668535016173-768x1024-1.jpg\"><\/a><\/p>\n<p>Els\u00a0Worldskills Special Edition 2022\u00a0s\u2019han organitzat despr\u00e9s que Shangai renunci\u00e9s a acollir els Worldskills 2022. Aquest fet ha perm\u00e8s portar&hellip;  <a href=\"https:\/\/agora.xtec.cat\/iesguindavols\/general\/worldskills-special-edition-2022\/\" title=\"Read Worldskills Special Edition 2022\">Llegeix m\u00e9s\u00bb<\/a><\/p>\n","protected":false},"author":6,"featured_media":67726,"comment_status":"open","ping_status":"closed","sticky":false,"template":"","format":"standard","meta":{"_bbp_topic_count":0,"_bbp_reply_count":0,"_bbp_total_topic_count":0,"_bbp_total_reply_count":0,"_bbp_voice_count":0,"_bbp_anonymous_reply_count":0,"_bbp_topic_count_hidden":0,"_bbp_reply_count_hidden":0,"_bbp_forum_subforum_count":0,"footnotes":""},"categories":[109,107,122,123,30,251,179,180,160,1,124,125,126,127,128,143,144,29],"tags":[],"class_list":["post-67725","post","type-post","status-publish","format-standard","has-post-thumbnail","hentry","category-activitats","category-centre","category-cf-grau-mitja","category-cf-grau-superior","category-cicles-formatius","category-education-2","category-familia-professional-de-fabricacio-mecanica","category-tecnic-en-mecanitzacio","category-tecnic-superior-en-programacio-de-la-produccio-en-fabricacio-mecanica","category-general","category-tecnic-en-manteniment-electromecanic","category-tecnic-en-installacions-de-produccio-de-calor","category-tecnic-en-installacions-frigorifiques-i-de-climatitzacio","category-tecnic-superior-en-manteniment-dinstallacions-termiques-i-de-fluids","category-familia-professional-dinstallacio-i-manteniment","category-noticies","category-novetats","category-portada"],"post_mailing_queue_ids":[],"_links":{"self":[{"href":"https:\/\/agora.xtec.cat\/iesguindavols\/wp-json\/wp\/v2\/posts\/67725","targetHints":{"allow":["GET"]}}],"collection":[{"href":"https:\/\/agora.xtec.cat\/iesguindavols\/wp-json\/wp\/v2\/posts"}],"about":[{"href":"https:\/\/agora.xtec.cat\/iesguindavols\/wp-json\/wp\/v2\/types\/post"}],"author":[{"embeddable":true,"href":"https:\/\/agora.xtec.cat\/iesguindavols\/wp-json\/wp\/v2\/users\/6"}],"replies":[{"embeddable":true,"href":"https:\/\/agora.xtec.cat\/iesguindavols\/wp-json\/wp\/v2\/comments?post=67725"}],"version-history":[{"count":2,"href":"https:\/\/agora.xtec.cat\/iesguindavols\/wp-json\/wp\/v2\/posts\/67725\/revisions"}],"predecessor-version":[{"id":67735,"href":"https:\/\/agora.xtec.cat\/iesguindavols\/wp-json\/wp\/v2\/posts\/67725\/revisions\/67735"}],"wp:featuredmedia":[{"embeddable":true,"href":"https:\/\/agora.xtec.cat\/iesguindavols\/wp-json\/wp\/v2\/media\/67726"}],"wp:attachment":[{"href":"https:\/\/agora.xtec.cat\/iesguindavols\/wp-json\/wp\/v2\/media?parent=67725"}],"wp:term":[{"taxonomy":"category","embeddable":true,"href":"https:\/\/agora.xtec.cat\/iesguindavols\/wp-json\/wp\/v2\/categories?post=67725"},{"taxonomy":"post_tag","embeddable":true,"href":"https:\/\/agora.xtec.cat\/iesguindavols\/wp-json\/wp\/v2\/tags?post=67725"}],"curies":[{"name":"wp","href":"https:\/\/api.w.org\/{rel}","templated":true}]}}