{"id":67708,"date":"2022-11-15T08:55:34","date_gmt":"2022-11-15T07:55:34","guid":{"rendered":"https:\/\/agora.xtec.cat\/iesguindavols\/?p=67708"},"modified":"2023-06-21T08:59:38","modified_gmt":"2023-06-21T06:59:38","slug":"visita-cooperativa-abacus","status":"publish","type":"post","link":"https:\/\/agora.xtec.cat\/iesguindavols\/general\/visita-cooperativa-abacus\/","title":{"rendered":"Visita Cooperativa Abacus."},"content":{"rendered":"<p><a href=\"https:\/\/agora.xtec.cat\/iesguindavols\/wp-content\/uploads\/usu2923\/2023\/06\/20221026_111008-1200x500_c.jpg\"><img loading=\"lazy\" decoding=\"async\" class=\"alignnone size-full wp-image-67709\" src=\"https:\/\/agora.xtec.cat\/iesguindavols\/wp-content\/uploads\/usu2923\/2023\/06\/20221026_111008-1200x500_c.jpg\" alt=\"\" width=\"1200\" height=\"500\" srcset=\"https:\/\/agora.xtec.cat\/iesguindavols\/wp-content\/uploads\/usu2923\/2023\/06\/20221026_111008-1200x500_c.jpg 1200w, https:\/\/agora.xtec.cat\/iesguindavols\/wp-content\/uploads\/usu2923\/2023\/06\/20221026_111008-1200x500_c-300x125.jpg 300w, https:\/\/agora.xtec.cat\/iesguindavols\/wp-content\/uploads\/usu2923\/2023\/06\/20221026_111008-1200x500_c-1024x427.jpg 1024w, https:\/\/agora.xtec.cat\/iesguindavols\/wp-content\/uploads\/usu2923\/2023\/06\/20221026_111008-1200x500_c-768x320.jpg 768w\" sizes=\"auto, (max-width: 1200px) 100vw, 1200px\" \/><\/a><\/p>\n<p>El passat mes d\u2019octubre, l\u2019alumnat de 2n d\u2019ESO en el marc del projecte \u201cPLA LECTOR\u201d, va realitzar una sortida a la cooperativa Abacus de Lleida per tal de con\u00e8ixer el funcionament i activitats que es duen a terme en una llibreria.<\/p>\n<p>En aquesta visita, van poder endinsar-se i descobrir els secrets de l\u2019ofici de llibreter i llibretera.<\/p>\n<p>\u00c9s prou sabut que l\u2019h\u00e0bit lector de l\u2019alumnat representa una inversi\u00f3 en la millora del rendiment acad\u00e8mic en qualsevol de les \u00e0rees del curr\u00edculum. Certament, ajuda l\u2019alumnat a ampliar vocabulari, a millorar l\u2019expressi\u00f3 i la comprensi\u00f3, a eixamplar els coneixements, a m\u00e9s de desenvolupar la seva imaginaci\u00f3 i la seva creativitat.<\/p>\n<p>Ha estat una activitat que ha refor\u00e7at el gust per la lectura no des de la imposici\u00f3, sin\u00f3 des de la pr\u00f2pia elecci\u00f3, donat que al final i per grups van poder escollir un llibre per posar-lo a la capsa del Pla Lector de la seva aula.<\/p>\n<p><a href=\"https:\/\/agora.xtec.cat\/iesguindavols\/wp-content\/uploads\/usu2923\/2023\/06\/FOTO-e1668535938701.jpg\"><img loading=\"lazy\" decoding=\"async\" class=\"alignnone size-full wp-image-67710\" src=\"https:\/\/agora.xtec.cat\/iesguindavols\/wp-content\/uploads\/usu2923\/2023\/06\/FOTO-e1668535938701.jpg\" alt=\"\" width=\"750\" height=\"1000\" srcset=\"https:\/\/agora.xtec.cat\/iesguindavols\/wp-content\/uploads\/usu2923\/2023\/06\/FOTO-e1668535938701.jpg 750w, https:\/\/agora.xtec.cat\/iesguindavols\/wp-content\/uploads\/usu2923\/2023\/06\/FOTO-e1668535938701-225x300.jpg 225w\" sizes=\"auto, (max-width: 750px) 100vw, 750px\" \/><\/a><\/p>\n","protected":false},"excerpt":{"rendered":"<p><a href=\"https:\/\/agora.xtec.cat\/iesguindavols\/wp-content\/uploads\/usu2923\/2023\/06\/20221026_111008-1200x500_c.jpg\"><\/a><br \/>\nEl passat mes d\u2019octubre, l\u2019alumnat de 2n d\u2019ESO en el marc del projecte \u201cPLA LECTOR\u201d, va realitzar una sortida a la cooperativa Abacus de Lleida per tal de con\u00e8ixer el funcionament i activitats que es duen a terme en una llibreria.<br \/>\nEn aquesta visita, van&hellip;  <a href=\"https:\/\/agora.xtec.cat\/iesguindavols\/general\/visita-cooperativa-abacus\/\" title=\"Read Visita Cooperativa Abacus.\">Llegeix m\u00e9s\u00bb<\/a><\/p>\n","protected":false},"author":6,"featured_media":67709,"comment_status":"open","ping_status":"closed","sticky":false,"template":"","format":"standard","meta":{"_bbp_topic_count":0,"_bbp_reply_count":0,"_bbp_total_topic_count":0,"_bbp_total_reply_count":0,"_bbp_voice_count":0,"_bbp_anonymous_reply_count":0,"_bbp_topic_count_hidden":0,"_bbp_reply_count_hidden":0,"_bbp_forum_subforum_count":0,"footnotes":""},"categories":[109,107,110,1,143,144,29,150],"tags":[],"class_list":["post-67708","post","type-post","status-publish","format-standard","has-post-thumbnail","hentry","category-activitats","category-centre","category-eso-al-guindavols","category-general","category-noticies","category-novetats","category-portada","category-projectes"],"post_mailing_queue_ids":[],"_links":{"self":[{"href":"https:\/\/agora.xtec.cat\/iesguindavols\/wp-json\/wp\/v2\/posts\/67708","targetHints":{"allow":["GET"]}}],"collection":[{"href":"https:\/\/agora.xtec.cat\/iesguindavols\/wp-json\/wp\/v2\/posts"}],"about":[{"href":"https:\/\/agora.xtec.cat\/iesguindavols\/wp-json\/wp\/v2\/types\/post"}],"author":[{"embeddable":true,"href":"https:\/\/agora.xtec.cat\/iesguindavols\/wp-json\/wp\/v2\/users\/6"}],"replies":[{"embeddable":true,"href":"https:\/\/agora.xtec.cat\/iesguindavols\/wp-json\/wp\/v2\/comments?post=67708"}],"version-history":[{"count":2,"href":"https:\/\/agora.xtec.cat\/iesguindavols\/wp-json\/wp\/v2\/posts\/67708\/revisions"}],"predecessor-version":[{"id":67712,"href":"https:\/\/agora.xtec.cat\/iesguindavols\/wp-json\/wp\/v2\/posts\/67708\/revisions\/67712"}],"wp:featuredmedia":[{"embeddable":true,"href":"https:\/\/agora.xtec.cat\/iesguindavols\/wp-json\/wp\/v2\/media\/67709"}],"wp:attachment":[{"href":"https:\/\/agora.xtec.cat\/iesguindavols\/wp-json\/wp\/v2\/media?parent=67708"}],"wp:term":[{"taxonomy":"category","embeddable":true,"href":"https:\/\/agora.xtec.cat\/iesguindavols\/wp-json\/wp\/v2\/categories?post=67708"},{"taxonomy":"post_tag","embeddable":true,"href":"https:\/\/agora.xtec.cat\/iesguindavols\/wp-json\/wp\/v2\/tags?post=67708"}],"curies":[{"name":"wp","href":"https:\/\/api.w.org\/{rel}","templated":true}]}}