{"id":67660,"date":"2023-01-15T11:21:40","date_gmt":"2023-01-15T10:21:40","guid":{"rendered":"https:\/\/agora.xtec.cat\/iesguindavols\/?p=67660"},"modified":"2023-06-15T11:23:58","modified_gmt":"2023-06-15T09:23:58","slug":"mes-de-25-anys-envolant-coets-a-guindavols-2","status":"publish","type":"post","link":"https:\/\/agora.xtec.cat\/iesguindavols\/general\/mes-de-25-anys-envolant-coets-a-guindavols-2\/","title":{"rendered":"M\u00e9s de 25 anys envolant coets a Guind\u00e0vols"},"content":{"rendered":"<p><a href=\"https:\/\/agora.xtec.cat\/iesguindavols\/wp-content\/uploads\/usu2923\/2023\/06\/IMG_5146-1200x500_c.jpg\"><img loading=\"lazy\" decoding=\"async\" class=\"alignnone size-full wp-image-67661\" src=\"https:\/\/agora.xtec.cat\/iesguindavols\/wp-content\/uploads\/usu2923\/2023\/06\/IMG_5146-1200x500_c.jpg\" alt=\"\" width=\"1200\" height=\"500\" srcset=\"https:\/\/agora.xtec.cat\/iesguindavols\/wp-content\/uploads\/usu2923\/2023\/06\/IMG_5146-1200x500_c.jpg 1200w, https:\/\/agora.xtec.cat\/iesguindavols\/wp-content\/uploads\/usu2923\/2023\/06\/IMG_5146-1200x500_c-300x125.jpg 300w, https:\/\/agora.xtec.cat\/iesguindavols\/wp-content\/uploads\/usu2923\/2023\/06\/IMG_5146-1200x500_c-1024x427.jpg 1024w, https:\/\/agora.xtec.cat\/iesguindavols\/wp-content\/uploads\/usu2923\/2023\/06\/IMG_5146-1200x500_c-768x320.jpg 768w\" sizes=\"auto, (max-width: 1200px) 100vw, 1200px\" \/><\/a><\/p>\n<p>El dilluns 9 de gener de 2023 l\u2019 alumnat de 4t d\u2019ESO, seguint fidels a la tradici\u00f3 del centre, van envolar els seus respectius coets d\u2019 aigua. I ja fa\u00a0 m\u00e9s de 25 anys que es realitza aquesta activitat!<\/p>\n<p>Els coets han estat\u00a0<a href=\"http:\/\/www.xtec.cat\/~acosiall\/lluna12.htm\">constru\u00efts<\/a>\u00a0amb materials senzills i lleugers, i l\u2019estudi del seu moviment permet a l\u2019alumnat, entendre i consolidar les lleis de la din\u00e0mica\u00a0 de Newton potenciant l\u2019aprenentatge significatiu. Les lleis f\u00edsiques que expliquen el moviment d\u2019aquests coets, s\u00f3n les mateixes que s\u2019apliquen als coets de la NASA\u00a0 que van possibilitar l\u2019 arribada de l\u2019 home a la lluna\u00a0 al 1969 i la conquesta de l\u2019 espai.<\/p>\n<p>Els primers coets els van dissenyar i construir els alumnes\u00a0 de segon curs de l\u2019antiga Formaci\u00f3 Professional FP1. Durant aquests anys s\u2019han envolat molts coets a l\u2019Institut\u00a0 Guind\u00e0vols: recordo el titular d\u00b4un article de La Vanguardia del 24 d\u2019abril de 2002\u00a0 \u201c Un Sant Jordi astron\u00e1utico en Lleida\u201d Tamb\u00e9 s\u2019han llen\u00e7at\u00a0<a href=\"http:\/\/www.xtec.cat\/~acosiall\/inma.html\">\u201ccoets per la pau\u201d<\/a>\u00a0realitzats pels alumnes\u00a0 de l\u2019aula hospital\u00e0ria de l\u2019Hospital Arnau de Vilanova de Lleida amb motiu de la celebraci\u00f3 de la setmana cultural i amb el lema \u201c Unidos por la Paz. Cada dia Navidad\u201d<\/p>\n<p>De tota manera el dia gran dels coets va ser el 21 d\u2019abril de 2005: se celebrava el \u201cPrimer Dia Europeu de la Ci\u00e8ncia pel Jovent\u201d, ESDY (European Science Day for Youth). Es tractava de proposar una activitat cient\u00edfica perqu\u00e8 els joves europeus la realitzessin simult\u00e0niament\u00a0 el mateix dia\u00a0 a la mateixa hora. V\u00e0rem tenir la sort, i la nostra proposta \u201cCoets d\u2019aigua\u201d va ser l\u2019escollida. Aquell dia, tota Europa va celebrar\u00a0 el dia europeu de la ci\u00e8ncia envolant coets Els mitjans de comunicaci\u00f3 se\u2019n van fer ress\u00f2, i la not\u00edcia va sortir,\u00a0 fins i tot,\u00a0 al\u00a0<a href=\"https:\/\/drive.google.com\/file\/d\/1hJeJszxAAE9-2bUUiDr42nJ7mtTInOOP\/view\">telenot\u00edcies de migdia de TV3<\/a>\u00a0i al\u00a0<a href=\"https:\/\/drive.google.com\/file\/d\/1ZFUtkQ6EeySud3pLcLanHr9JSBCEkCN7\/view\">programa infoK<\/a>\u00a0del canal 33.<\/p>\n<p>Finalment, voldria ressaltar que dos\u00a0<a href=\"http:\/\/www.xtec.cat\/~acosiall\/rocket1.html\">projectes de\u00a0 recerca<\/a>\u00a0al voltant dels\u00a0<a href=\"https:\/\/drive.google.com\/file\/d\/1vjXlm3r7xu1wC56kitnV3U6aps5RpVBV\/view\">coets<\/a>, realitzats per l\u2019 alumnat de tercer d\u2019ESO del curso 1999.2000, van ser reconeguts tot dos amb un premi CIRIT.<\/p>\n<p>Anicet Cosialls<\/p>\n<p>&nbsp;<\/p>\n","protected":false},"excerpt":{"rendered":"<p><a href=\"https:\/\/agora.xtec.cat\/iesguindavols\/wp-content\/uploads\/usu2923\/2023\/06\/IMG_5146-1200x500_c.jpg\"><\/a><br \/>\nEl dilluns 9 de gener de 2023 l\u2019 alumnat de 4t d\u2019ESO, seguint fidels a la tradici\u00f3 del centre, van envolar els seus respectius coets d\u2019 aigua. I ja fa\u00a0 m\u00e9s de 25 anys que es realitza aquesta activitat!<br \/>\nEls coets han estat\u00a0<a href=\"http:\/\/www.xtec.cat\/~acosiall\/lluna12.htm\">constru\u00efts<\/a>\u00a0amb materials&hellip;  <a href=\"https:\/\/agora.xtec.cat\/iesguindavols\/general\/mes-de-25-anys-envolant-coets-a-guindavols-2\/\" title=\"Read M\u00e9s de 25 anys envolant coets a Guind\u00e0vols\">Llegeix m\u00e9s\u00bb<\/a><\/p>\n","protected":false},"author":6,"featured_media":67661,"comment_status":"open","ping_status":"closed","sticky":false,"template":"","format":"standard","meta":{"_bbp_topic_count":0,"_bbp_reply_count":0,"_bbp_total_topic_count":0,"_bbp_total_reply_count":0,"_bbp_voice_count":0,"_bbp_anonymous_reply_count":0,"_bbp_topic_count_hidden":0,"_bbp_reply_count_hidden":0,"_bbp_forum_subforum_count":0,"footnotes":""},"categories":[109,107,110,1,143,29],"tags":[],"class_list":["post-67660","post","type-post","status-publish","format-standard","has-post-thumbnail","hentry","category-activitats","category-centre","category-eso-al-guindavols","category-general","category-noticies","category-portada"],"post_mailing_queue_ids":[],"_links":{"self":[{"href":"https:\/\/agora.xtec.cat\/iesguindavols\/wp-json\/wp\/v2\/posts\/67660","targetHints":{"allow":["GET"]}}],"collection":[{"href":"https:\/\/agora.xtec.cat\/iesguindavols\/wp-json\/wp\/v2\/posts"}],"about":[{"href":"https:\/\/agora.xtec.cat\/iesguindavols\/wp-json\/wp\/v2\/types\/post"}],"author":[{"embeddable":true,"href":"https:\/\/agora.xtec.cat\/iesguindavols\/wp-json\/wp\/v2\/users\/6"}],"replies":[{"embeddable":true,"href":"https:\/\/agora.xtec.cat\/iesguindavols\/wp-json\/wp\/v2\/comments?post=67660"}],"version-history":[{"count":2,"href":"https:\/\/agora.xtec.cat\/iesguindavols\/wp-json\/wp\/v2\/posts\/67660\/revisions"}],"predecessor-version":[{"id":67663,"href":"https:\/\/agora.xtec.cat\/iesguindavols\/wp-json\/wp\/v2\/posts\/67660\/revisions\/67663"}],"wp:featuredmedia":[{"embeddable":true,"href":"https:\/\/agora.xtec.cat\/iesguindavols\/wp-json\/wp\/v2\/media\/67661"}],"wp:attachment":[{"href":"https:\/\/agora.xtec.cat\/iesguindavols\/wp-json\/wp\/v2\/media?parent=67660"}],"wp:term":[{"taxonomy":"category","embeddable":true,"href":"https:\/\/agora.xtec.cat\/iesguindavols\/wp-json\/wp\/v2\/categories?post=67660"},{"taxonomy":"post_tag","embeddable":true,"href":"https:\/\/agora.xtec.cat\/iesguindavols\/wp-json\/wp\/v2\/tags?post=67660"}],"curies":[{"name":"wp","href":"https:\/\/api.w.org\/{rel}","templated":true}]}}