{"id":67641,"date":"2023-01-18T10:48:45","date_gmt":"2023-01-18T09:48:45","guid":{"rendered":"https:\/\/agora.xtec.cat\/iesguindavols\/?p=67641"},"modified":"2023-06-15T10:54:24","modified_gmt":"2023-06-15T08:54:24","slug":"miniatures-catalanes-2","status":"publish","type":"post","link":"https:\/\/agora.xtec.cat\/iesguindavols\/general\/miniatures-catalanes-2\/","title":{"rendered":"Miniatures catalanes"},"content":{"rendered":"<p><a href=\"https:\/\/agora.xtec.cat\/iesguindavols\/wp-content\/uploads\/usu2923\/2023\/06\/IMG-20230105-WA0008-1200x500_c.jpg\"><img loading=\"lazy\" decoding=\"async\" class=\"alignnone wp-image-67643 size-large\" src=\"https:\/\/agora.xtec.cat\/iesguindavols\/wp-content\/uploads\/usu2923\/2023\/06\/IMG-20230105-WA0008-1200x500_c-1024x427.jpg\" alt=\"\" width=\"1024\" height=\"427\" srcset=\"https:\/\/agora.xtec.cat\/iesguindavols\/wp-content\/uploads\/usu2923\/2023\/06\/IMG-20230105-WA0008-1200x500_c-1024x427.jpg 1024w, https:\/\/agora.xtec.cat\/iesguindavols\/wp-content\/uploads\/usu2923\/2023\/06\/IMG-20230105-WA0008-1200x500_c-300x125.jpg 300w, https:\/\/agora.xtec.cat\/iesguindavols\/wp-content\/uploads\/usu2923\/2023\/06\/IMG-20230105-WA0008-1200x500_c-768x320.jpg 768w, https:\/\/agora.xtec.cat\/iesguindavols\/wp-content\/uploads\/usu2923\/2023\/06\/IMG-20230105-WA0008-1200x500_c.jpg 1200w\" sizes=\"auto, (max-width: 1024px) 100vw, 1024px\" \/><\/a><\/p>\n<p>Dissabte 21 de gener, a les 20,30h, l\u2019Esbart Dansaire S\u00edcoris estrenar\u00e0 l\u2019espectacle \u201cMiniatures Catalanes\u201d a l\u2019Auditori Enric Granados de Lleida.<br \/>\n\u00c9s un espectacle per celebrar el 50\u00e8 aniversari de l\u2019Esbart i l\u2019alumnat del Cicle Formatiu de Grau Superior de Vestuari a Mida i d\u2019Espectacles n\u2019ha elaborat el vestuari dels dansaires.<br \/>\nEs tracta d\u2019un recorregut coreogr\u00e0fic de peces d\u2019Enric Granados, Eduard Toldr\u00e0, Frederic Mompou i Xavier Montsalvatge, entre altres. Les \u201cMiniatures Catalanes\u201d s\u00f3n un conjunt de peces per a viol\u00ed i piano que reflecteixen l\u2019articulaci\u00f3 de la m\u00fasica de cambra, des de finals del segle XIX fins poc despr\u00e9s del 1939.<br \/>\nUs hi esperem!!<\/p>\n<p><a href=\"https:\/\/agora.xtec.cat\/iesguindavols\/wp-content\/uploads\/usu2923\/2023\/06\/IMG-20230105-WA0008.jpg\"><img loading=\"lazy\" decoding=\"async\" class=\"alignnone wp-image-67642 size-full\" src=\"https:\/\/agora.xtec.cat\/iesguindavols\/wp-content\/uploads\/usu2923\/2023\/06\/IMG-20230105-WA0008.jpg\" alt=\"\" width=\"697\" height=\"1024\" srcset=\"https:\/\/agora.xtec.cat\/iesguindavols\/wp-content\/uploads\/usu2923\/2023\/06\/IMG-20230105-WA0008.jpg 697w, https:\/\/agora.xtec.cat\/iesguindavols\/wp-content\/uploads\/usu2923\/2023\/06\/IMG-20230105-WA0008-204x300.jpg 204w\" sizes=\"auto, (max-width: 697px) 100vw, 697px\" \/><\/a><\/p>\n<p><a href=\"https:\/\/agora.xtec.cat\/iesguindavols\/wp-content\/uploads\/usu2923\/2023\/06\/IMG-20230117-WA0013-1024x768-1.jpg\"><img loading=\"lazy\" decoding=\"async\" class=\"alignnone size-full wp-image-67644\" src=\"https:\/\/agora.xtec.cat\/iesguindavols\/wp-content\/uploads\/usu2923\/2023\/06\/IMG-20230117-WA0013-1024x768-1.jpg\" alt=\"\" width=\"1024\" height=\"768\" srcset=\"https:\/\/agora.xtec.cat\/iesguindavols\/wp-content\/uploads\/usu2923\/2023\/06\/IMG-20230117-WA0013-1024x768-1.jpg 1024w, https:\/\/agora.xtec.cat\/iesguindavols\/wp-content\/uploads\/usu2923\/2023\/06\/IMG-20230117-WA0013-1024x768-1-300x225.jpg 300w, https:\/\/agora.xtec.cat\/iesguindavols\/wp-content\/uploads\/usu2923\/2023\/06\/IMG-20230117-WA0013-1024x768-1-768x576.jpg 768w, https:\/\/agora.xtec.cat\/iesguindavols\/wp-content\/uploads\/usu2923\/2023\/06\/IMG-20230117-WA0013-1024x768-1-200x150.jpg 200w\" sizes=\"auto, (max-width: 1024px) 100vw, 1024px\" \/><\/a><\/p>\n<p><a href=\"https:\/\/agora.xtec.cat\/iesguindavols\/wp-content\/uploads\/usu2923\/2023\/06\/IMG-20230117-WA0014-1024x768-1.jpg\"><img loading=\"lazy\" decoding=\"async\" class=\"alignnone size-full wp-image-67645\" src=\"https:\/\/agora.xtec.cat\/iesguindavols\/wp-content\/uploads\/usu2923\/2023\/06\/IMG-20230117-WA0014-1024x768-1.jpg\" alt=\"\" width=\"1024\" height=\"768\" srcset=\"https:\/\/agora.xtec.cat\/iesguindavols\/wp-content\/uploads\/usu2923\/2023\/06\/IMG-20230117-WA0014-1024x768-1.jpg 1024w, https:\/\/agora.xtec.cat\/iesguindavols\/wp-content\/uploads\/usu2923\/2023\/06\/IMG-20230117-WA0014-1024x768-1-300x225.jpg 300w, https:\/\/agora.xtec.cat\/iesguindavols\/wp-content\/uploads\/usu2923\/2023\/06\/IMG-20230117-WA0014-1024x768-1-768x576.jpg 768w, https:\/\/agora.xtec.cat\/iesguindavols\/wp-content\/uploads\/usu2923\/2023\/06\/IMG-20230117-WA0014-1024x768-1-200x150.jpg 200w\" sizes=\"auto, (max-width: 1024px) 100vw, 1024px\" \/><\/a><\/p>\n<p>Les fotos seg\u00fcents, corresponen a l\u2019actuaci\u00f3 del dia 21 de gener, a l\u2019Auditori Enric Granados de Lleida, on es pot veure els dansaires del ballet lluint el vestuari que ha elaborat l\u2019alumnat del Guind\u00e0vols.<\/p>\n<p><a href=\"https:\/\/agora.xtec.cat\/iesguindavols\/wp-content\/uploads\/usu2923\/2023\/06\/WhatsApp-Image-2023-01-22-at-10.40.18-1-1024x576-1.jpeg\"><img loading=\"lazy\" decoding=\"async\" class=\"alignnone size-full wp-image-67647\" src=\"https:\/\/agora.xtec.cat\/iesguindavols\/wp-content\/uploads\/usu2923\/2023\/06\/WhatsApp-Image-2023-01-22-at-10.40.18-1-1024x576-1.jpeg\" alt=\"\" width=\"1024\" height=\"576\" srcset=\"https:\/\/agora.xtec.cat\/iesguindavols\/wp-content\/uploads\/usu2923\/2023\/06\/WhatsApp-Image-2023-01-22-at-10.40.18-1-1024x576-1.jpeg 1024w, https:\/\/agora.xtec.cat\/iesguindavols\/wp-content\/uploads\/usu2923\/2023\/06\/WhatsApp-Image-2023-01-22-at-10.40.18-1-1024x576-1-300x169.jpeg 300w, https:\/\/agora.xtec.cat\/iesguindavols\/wp-content\/uploads\/usu2923\/2023\/06\/WhatsApp-Image-2023-01-22-at-10.40.18-1-1024x576-1-768x432.jpeg 768w\" sizes=\"auto, (max-width: 1024px) 100vw, 1024px\" \/><\/a><\/p>\n<p><a href=\"https:\/\/agora.xtec.cat\/iesguindavols\/wp-content\/uploads\/usu2923\/2023\/06\/WhatsApp-Image-2023-01-22-at-10.40.18-1024x576-1.jpeg\"><img loading=\"lazy\" decoding=\"async\" class=\"alignnone size-full wp-image-67648\" src=\"https:\/\/agora.xtec.cat\/iesguindavols\/wp-content\/uploads\/usu2923\/2023\/06\/WhatsApp-Image-2023-01-22-at-10.40.18-1024x576-1.jpeg\" alt=\"\" width=\"1024\" height=\"576\" srcset=\"https:\/\/agora.xtec.cat\/iesguindavols\/wp-content\/uploads\/usu2923\/2023\/06\/WhatsApp-Image-2023-01-22-at-10.40.18-1024x576-1.jpeg 1024w, https:\/\/agora.xtec.cat\/iesguindavols\/wp-content\/uploads\/usu2923\/2023\/06\/WhatsApp-Image-2023-01-22-at-10.40.18-1024x576-1-300x169.jpeg 300w, https:\/\/agora.xtec.cat\/iesguindavols\/wp-content\/uploads\/usu2923\/2023\/06\/WhatsApp-Image-2023-01-22-at-10.40.18-1024x576-1-768x432.jpeg 768w\" sizes=\"auto, (max-width: 1024px) 100vw, 1024px\" \/><\/a><\/p>\n<p>I a continuaci\u00f3, us mostrem unes fotos de l\u2019actuaci\u00f3 del dia 27 de gener, al Teatre l\u2019Amistat de Mollerussa.<\/p>\n<p><a href=\"https:\/\/agora.xtec.cat\/iesguindavols\/wp-content\/uploads\/usu2923\/2023\/06\/IMG-20230206-WA0011-1024x461-1.jpg\"><img loading=\"lazy\" decoding=\"async\" class=\"alignnone size-full wp-image-67646\" src=\"https:\/\/agora.xtec.cat\/iesguindavols\/wp-content\/uploads\/usu2923\/2023\/06\/IMG-20230206-WA0011-1024x461-1.jpg\" alt=\"\" width=\"1024\" height=\"461\" srcset=\"https:\/\/agora.xtec.cat\/iesguindavols\/wp-content\/uploads\/usu2923\/2023\/06\/IMG-20230206-WA0011-1024x461-1.jpg 1024w, https:\/\/agora.xtec.cat\/iesguindavols\/wp-content\/uploads\/usu2923\/2023\/06\/IMG-20230206-WA0011-1024x461-1-300x135.jpg 300w, https:\/\/agora.xtec.cat\/iesguindavols\/wp-content\/uploads\/usu2923\/2023\/06\/IMG-20230206-WA0011-1024x461-1-768x346.jpg 768w\" sizes=\"auto, (max-width: 1024px) 100vw, 1024px\" \/><\/a><\/p>\n<p><a href=\"https:\/\/agora.xtec.cat\/iesguindavols\/wp-content\/uploads\/usu2923\/2023\/06\/WhatsApp-Image-2023-01-27-at-21.29.37-2-1024x768-1.jpeg\"><img loading=\"lazy\" decoding=\"async\" class=\"alignnone size-full wp-image-67649\" src=\"https:\/\/agora.xtec.cat\/iesguindavols\/wp-content\/uploads\/usu2923\/2023\/06\/WhatsApp-Image-2023-01-27-at-21.29.37-2-1024x768-1.jpeg\" alt=\"\" width=\"1024\" height=\"768\" srcset=\"https:\/\/agora.xtec.cat\/iesguindavols\/wp-content\/uploads\/usu2923\/2023\/06\/WhatsApp-Image-2023-01-27-at-21.29.37-2-1024x768-1.jpeg 1024w, https:\/\/agora.xtec.cat\/iesguindavols\/wp-content\/uploads\/usu2923\/2023\/06\/WhatsApp-Image-2023-01-27-at-21.29.37-2-1024x768-1-300x225.jpeg 300w, https:\/\/agora.xtec.cat\/iesguindavols\/wp-content\/uploads\/usu2923\/2023\/06\/WhatsApp-Image-2023-01-27-at-21.29.37-2-1024x768-1-768x576.jpeg 768w, https:\/\/agora.xtec.cat\/iesguindavols\/wp-content\/uploads\/usu2923\/2023\/06\/WhatsApp-Image-2023-01-27-at-21.29.37-2-1024x768-1-200x150.jpeg 200w\" sizes=\"auto, (max-width: 1024px) 100vw, 1024px\" \/><\/a><\/p>\n<p>&nbsp;<\/p>\n","protected":false},"excerpt":{"rendered":"<p><a href=\"https:\/\/agora.xtec.cat\/iesguindavols\/wp-content\/uploads\/usu2923\/2023\/06\/IMG-20230105-WA0008-1200x500_c.jpg\"><\/a><br \/>\nDissabte 21 de gener, a les 20,30h, l\u2019Esbart Dansaire S\u00edcoris estrenar\u00e0 l\u2019espectacle \u201cMiniatures Catalanes\u201d a l\u2019Auditori Enric Granados de Lleida.<br \/>\n\u00c9s un espectacle per celebrar el 50\u00e8 aniversari de l\u2019Esbart i l\u2019alumnat del Cicle Formatiu de Grau Superior de Vestuari a Mida i d\u2019Espectacles n\u2019ha&hellip;  <a href=\"https:\/\/agora.xtec.cat\/iesguindavols\/general\/miniatures-catalanes-2\/\" title=\"Read Miniatures catalanes\">Llegeix m\u00e9s\u00bb<\/a><\/p>\n","protected":false},"author":6,"featured_media":67643,"comment_status":"open","ping_status":"closed","sticky":false,"template":"","format":"standard","meta":{"_bbp_topic_count":0,"_bbp_reply_count":0,"_bbp_total_topic_count":0,"_bbp_total_reply_count":0,"_bbp_voice_count":0,"_bbp_anonymous_reply_count":0,"_bbp_topic_count_hidden":0,"_bbp_reply_count_hidden":0,"_bbp_forum_subforum_count":0,"footnotes":""},"categories":[109,107,122,123,30,1,143,29,181,182,161],"tags":[],"class_list":["post-67641","post","type-post","status-publish","format-standard","has-post-thumbnail","hentry","category-activitats","category-centre","category-cf-grau-mitja","category-cf-grau-superior","category-cicles-formatius","category-general","category-noticies","category-portada","category-tecnic-en-confeccio-i-moda","category-tecnic-superior-en-vestuari-a-mida-i-despectacle","category-tecnic-superior-en-patronatge-i-moda"],"post_mailing_queue_ids":[],"_links":{"self":[{"href":"https:\/\/agora.xtec.cat\/iesguindavols\/wp-json\/wp\/v2\/posts\/67641","targetHints":{"allow":["GET"]}}],"collection":[{"href":"https:\/\/agora.xtec.cat\/iesguindavols\/wp-json\/wp\/v2\/posts"}],"about":[{"href":"https:\/\/agora.xtec.cat\/iesguindavols\/wp-json\/wp\/v2\/types\/post"}],"author":[{"embeddable":true,"href":"https:\/\/agora.xtec.cat\/iesguindavols\/wp-json\/wp\/v2\/users\/6"}],"replies":[{"embeddable":true,"href":"https:\/\/agora.xtec.cat\/iesguindavols\/wp-json\/wp\/v2\/comments?post=67641"}],"version-history":[{"count":2,"href":"https:\/\/agora.xtec.cat\/iesguindavols\/wp-json\/wp\/v2\/posts\/67641\/revisions"}],"predecessor-version":[{"id":67651,"href":"https:\/\/agora.xtec.cat\/iesguindavols\/wp-json\/wp\/v2\/posts\/67641\/revisions\/67651"}],"wp:featuredmedia":[{"embeddable":true,"href":"https:\/\/agora.xtec.cat\/iesguindavols\/wp-json\/wp\/v2\/media\/67643"}],"wp:attachment":[{"href":"https:\/\/agora.xtec.cat\/iesguindavols\/wp-json\/wp\/v2\/media?parent=67641"}],"wp:term":[{"taxonomy":"category","embeddable":true,"href":"https:\/\/agora.xtec.cat\/iesguindavols\/wp-json\/wp\/v2\/categories?post=67641"},{"taxonomy":"post_tag","embeddable":true,"href":"https:\/\/agora.xtec.cat\/iesguindavols\/wp-json\/wp\/v2\/tags?post=67641"}],"curies":[{"name":"wp","href":"https:\/\/api.w.org\/{rel}","templated":true}]}}