{"id":67579,"date":"2023-03-24T10:05:35","date_gmt":"2023-03-24T09:05:35","guid":{"rendered":"https:\/\/agora.xtec.cat\/iesguindavols\/?p=67579"},"modified":"2023-06-15T10:08:20","modified_gmt":"2023-06-15T08:08:20","slug":"el-gust-per-la-lectura-un-acomiadament-de-conte-natalia-roca","status":"publish","type":"post","link":"https:\/\/agora.xtec.cat\/iesguindavols\/general\/el-gust-per-la-lectura-un-acomiadament-de-conte-natalia-roca\/","title":{"rendered":"El gust per la lectura- \u201cUn acomiadament de conte\u201d, Nat\u00e0lia Roca"},"content":{"rendered":"<p><a href=\"https:\/\/agora.xtec.cat\/iesguindavols\/wp-content\/uploads\/usu2923\/2023\/06\/Natalia-2-1200x500_c.jpg\"><img loading=\"lazy\" decoding=\"async\" class=\"alignnone wp-image-67580 size-large\" src=\"https:\/\/agora.xtec.cat\/iesguindavols\/wp-content\/uploads\/usu2923\/2023\/06\/Natalia-2-1200x500_c-1024x427.jpg\" alt=\"\" width=\"1024\" height=\"427\" srcset=\"https:\/\/agora.xtec.cat\/iesguindavols\/wp-content\/uploads\/usu2923\/2023\/06\/Natalia-2-1200x500_c-1024x427.jpg 1024w, https:\/\/agora.xtec.cat\/iesguindavols\/wp-content\/uploads\/usu2923\/2023\/06\/Natalia-2-1200x500_c-300x125.jpg 300w, https:\/\/agora.xtec.cat\/iesguindavols\/wp-content\/uploads\/usu2923\/2023\/06\/Natalia-2-1200x500_c-768x320.jpg 768w, https:\/\/agora.xtec.cat\/iesguindavols\/wp-content\/uploads\/usu2923\/2023\/06\/Natalia-2-1200x500_c.jpg 1200w\" sizes=\"auto, (max-width: 1024px) 100vw, 1024px\" \/><\/a><\/p>\n<p>Nat\u00e0lia Roca, alumna de Literatura Catalana de 2n de batxillerat, presenta aquest v\u00eddeo al concurs El Gust per la Lectura. El poemari en qu\u00e8 es basa \u00e9s \u201cBruixa de dol\u201d de Maria Merc\u00e8 Mar\u00e7al. Li desitgem molta sort!<\/p>\n<p><iframe loading=\"lazy\" title=\"Un acomiadament de conte Nata\u00e0lia Roca\" width=\"500\" height=\"375\" src=\"https:\/\/www.youtube.com\/embed\/0eWiMXxUIsc?feature=oembed\" frameborder=\"0\" allow=\"accelerometer; autoplay; clipboard-write; encrypted-media; gyroscope; picture-in-picture; web-share\" referrerpolicy=\"strict-origin-when-cross-origin\" allowfullscreen><\/iframe><\/p>\n<p><iframe loading=\"lazy\" title=\"GUST PER LA LECTURA   Hecho con Clipchamp 1682087388886\" width=\"500\" height=\"281\" src=\"https:\/\/www.youtube.com\/embed\/fNNK4XMTqHQ?feature=oembed\" frameborder=\"0\" allow=\"accelerometer; autoplay; clipboard-write; encrypted-media; gyroscope; picture-in-picture; web-share\" referrerpolicy=\"strict-origin-when-cross-origin\" allowfullscreen><\/iframe><\/p>\n<p>&nbsp;<\/p>\n","protected":false},"excerpt":{"rendered":"<p><a href=\"https:\/\/agora.xtec.cat\/iesguindavols\/wp-content\/uploads\/usu2923\/2023\/06\/Natalia-2-1200x500_c.jpg\"><\/a><br \/>\nNat\u00e0lia Roca, alumna de Literatura Catalana de 2n de batxillerat, presenta aquest v\u00eddeo al concurs El Gust per la Lectura. El poemari en qu\u00e8 es basa \u00e9s \u201cBruixa de dol\u201d de Maria Merc\u00e8 Mar\u00e7al. Li desitgem molta sort!<\/p>\n<p>&nbsp;<\/p>\n","protected":false},"author":6,"featured_media":67580,"comment_status":"open","ping_status":"closed","sticky":false,"template":"","format":"standard","meta":{"_bbp_topic_count":0,"_bbp_reply_count":0,"_bbp_total_topic_count":0,"_bbp_total_reply_count":0,"_bbp_voice_count":0,"_bbp_anonymous_reply_count":0,"_bbp_topic_count_hidden":0,"_bbp_reply_count_hidden":0,"_bbp_forum_subforum_count":0,"footnotes":""},"categories":[109,8,107,251,1,143,29],"tags":[],"class_list":["post-67579","post","type-post","status-publish","format-standard","has-post-thumbnail","hentry","category-activitats","category-batxillerat","category-centre","category-education-2","category-general","category-noticies","category-portada"],"post_mailing_queue_ids":[],"_links":{"self":[{"href":"https:\/\/agora.xtec.cat\/iesguindavols\/wp-json\/wp\/v2\/posts\/67579","targetHints":{"allow":["GET"]}}],"collection":[{"href":"https:\/\/agora.xtec.cat\/iesguindavols\/wp-json\/wp\/v2\/posts"}],"about":[{"href":"https:\/\/agora.xtec.cat\/iesguindavols\/wp-json\/wp\/v2\/types\/post"}],"author":[{"embeddable":true,"href":"https:\/\/agora.xtec.cat\/iesguindavols\/wp-json\/wp\/v2\/users\/6"}],"replies":[{"embeddable":true,"href":"https:\/\/agora.xtec.cat\/iesguindavols\/wp-json\/wp\/v2\/comments?post=67579"}],"version-history":[{"count":2,"href":"https:\/\/agora.xtec.cat\/iesguindavols\/wp-json\/wp\/v2\/posts\/67579\/revisions"}],"predecessor-version":[{"id":67582,"href":"https:\/\/agora.xtec.cat\/iesguindavols\/wp-json\/wp\/v2\/posts\/67579\/revisions\/67582"}],"wp:featuredmedia":[{"embeddable":true,"href":"https:\/\/agora.xtec.cat\/iesguindavols\/wp-json\/wp\/v2\/media\/67580"}],"wp:attachment":[{"href":"https:\/\/agora.xtec.cat\/iesguindavols\/wp-json\/wp\/v2\/media?parent=67579"}],"wp:term":[{"taxonomy":"category","embeddable":true,"href":"https:\/\/agora.xtec.cat\/iesguindavols\/wp-json\/wp\/v2\/categories?post=67579"},{"taxonomy":"post_tag","embeddable":true,"href":"https:\/\/agora.xtec.cat\/iesguindavols\/wp-json\/wp\/v2\/tags?post=67579"}],"curies":[{"name":"wp","href":"https:\/\/api.w.org\/{rel}","templated":true}]}}