{"id":67560,"date":"2023-04-04T09:19:47","date_gmt":"2023-04-04T07:19:47","guid":{"rendered":"https:\/\/agora.xtec.cat\/iesguindavols\/?p=67560"},"modified":"2023-06-15T09:21:59","modified_gmt":"2023-06-15T07:21:59","slug":"el-comic-amb-paco-hernandez-2","status":"publish","type":"post","link":"https:\/\/agora.xtec.cat\/iesguindavols\/general\/el-comic-amb-paco-hernandez-2\/","title":{"rendered":"El c\u00f2mic amb Paco Hern\u00e1ndez"},"content":{"rendered":"<p><a href=\"https:\/\/agora.xtec.cat\/iesguindavols\/wp-content\/uploads\/usu2923\/2023\/06\/Paco-Hernandez-1200x500_c.jpg\"><img loading=\"lazy\" decoding=\"async\" class=\"alignnone size-large wp-image-67564\" src=\"https:\/\/agora.xtec.cat\/iesguindavols\/wp-content\/uploads\/usu2923\/2023\/06\/Paco-Hernandez-1200x500_c-1024x427.jpg\" alt=\"\" width=\"1024\" height=\"427\" srcset=\"https:\/\/agora.xtec.cat\/iesguindavols\/wp-content\/uploads\/usu2923\/2023\/06\/Paco-Hernandez-1200x500_c-1024x427.jpg 1024w, https:\/\/agora.xtec.cat\/iesguindavols\/wp-content\/uploads\/usu2923\/2023\/06\/Paco-Hernandez-1200x500_c-300x125.jpg 300w, https:\/\/agora.xtec.cat\/iesguindavols\/wp-content\/uploads\/usu2923\/2023\/06\/Paco-Hernandez-1200x500_c-768x320.jpg 768w, https:\/\/agora.xtec.cat\/iesguindavols\/wp-content\/uploads\/usu2923\/2023\/06\/Paco-Hernandez-1200x500_c.jpg 1200w\" sizes=\"auto, (max-width: 1024px) 100vw, 1024px\" \/><\/a><\/p>\n<p>El passat 27 de mar\u00e7, i coincidint amb la celebraci\u00f3 del mes del c\u00f2mic, l\u2019alumnat de 4t d\u2019ESO va poder assistir a una xerrada sobre aquest g\u00e8nere literari a c\u00e0rrec del guionista lleidat\u00e0 Paco Hern\u00e1ndez.<\/p>\n<p>Al llarg de la seva conversa, ens va explicar per qu\u00e8 van comen\u00e7ar a apar\u00e8ixer els c\u00f2mics de superherois als Estats Units i la seva evoluci\u00f3 al llarg del temps fins als nostres dies.<\/p>\n<p>Des d\u2019aqu\u00ed li agra\u00efm la seva pres\u00e8ncia.<\/p>\n<p><a href=\"https:\/\/agora.xtec.cat\/iesguindavols\/wp-content\/uploads\/usu2923\/2023\/06\/Fotos-Paco-2-1024x576-1.jpg\"><img loading=\"lazy\" decoding=\"async\" class=\"alignnone size-full wp-image-67562\" src=\"https:\/\/agora.xtec.cat\/iesguindavols\/wp-content\/uploads\/usu2923\/2023\/06\/Fotos-Paco-2-1024x576-1.jpg\" alt=\"\" width=\"1024\" height=\"576\" srcset=\"https:\/\/agora.xtec.cat\/iesguindavols\/wp-content\/uploads\/usu2923\/2023\/06\/Fotos-Paco-2-1024x576-1.jpg 1024w, https:\/\/agora.xtec.cat\/iesguindavols\/wp-content\/uploads\/usu2923\/2023\/06\/Fotos-Paco-2-1024x576-1-300x169.jpg 300w, https:\/\/agora.xtec.cat\/iesguindavols\/wp-content\/uploads\/usu2923\/2023\/06\/Fotos-Paco-2-1024x576-1-768x432.jpg 768w\" sizes=\"auto, (max-width: 1024px) 100vw, 1024px\" \/><\/a><\/p>\n<p><a href=\"https:\/\/agora.xtec.cat\/iesguindavols\/wp-content\/uploads\/usu2923\/2023\/06\/fotos-Paco-3-1024x576-1.jpg\"><img loading=\"lazy\" decoding=\"async\" class=\"alignnone size-full wp-image-67563\" src=\"https:\/\/agora.xtec.cat\/iesguindavols\/wp-content\/uploads\/usu2923\/2023\/06\/fotos-Paco-3-1024x576-1.jpg\" alt=\"\" width=\"1024\" height=\"576\" srcset=\"https:\/\/agora.xtec.cat\/iesguindavols\/wp-content\/uploads\/usu2923\/2023\/06\/fotos-Paco-3-1024x576-1.jpg 1024w, https:\/\/agora.xtec.cat\/iesguindavols\/wp-content\/uploads\/usu2923\/2023\/06\/fotos-Paco-3-1024x576-1-300x169.jpg 300w, https:\/\/agora.xtec.cat\/iesguindavols\/wp-content\/uploads\/usu2923\/2023\/06\/fotos-Paco-3-1024x576-1-768x432.jpg 768w\" sizes=\"auto, (max-width: 1024px) 100vw, 1024px\" \/><\/a><\/p>\n<p><a href=\"https:\/\/agora.xtec.cat\/iesguindavols\/wp-content\/uploads\/usu2923\/2023\/06\/Fotos-Paco.-1-1024x768-1.jpg\"><img loading=\"lazy\" decoding=\"async\" class=\"alignnone size-full wp-image-67561\" src=\"https:\/\/agora.xtec.cat\/iesguindavols\/wp-content\/uploads\/usu2923\/2023\/06\/Fotos-Paco.-1-1024x768-1.jpg\" alt=\"\" width=\"1024\" height=\"768\" srcset=\"https:\/\/agora.xtec.cat\/iesguindavols\/wp-content\/uploads\/usu2923\/2023\/06\/Fotos-Paco.-1-1024x768-1.jpg 1024w, https:\/\/agora.xtec.cat\/iesguindavols\/wp-content\/uploads\/usu2923\/2023\/06\/Fotos-Paco.-1-1024x768-1-300x225.jpg 300w, https:\/\/agora.xtec.cat\/iesguindavols\/wp-content\/uploads\/usu2923\/2023\/06\/Fotos-Paco.-1-1024x768-1-768x576.jpg 768w, https:\/\/agora.xtec.cat\/iesguindavols\/wp-content\/uploads\/usu2923\/2023\/06\/Fotos-Paco.-1-1024x768-1-200x150.jpg 200w\" sizes=\"auto, (max-width: 1024px) 100vw, 1024px\" \/><\/a><\/p>\n","protected":false},"excerpt":{"rendered":"<p><a href=\"https:\/\/agora.xtec.cat\/iesguindavols\/wp-content\/uploads\/usu2923\/2023\/06\/Paco-Hernandez-1200x500_c.jpg\"><\/a><br \/>\nEl passat 27 de mar\u00e7, i coincidint amb la celebraci\u00f3 del mes del c\u00f2mic, l\u2019alumnat de 4t d\u2019ESO va poder assistir a una xerrada sobre aquest g\u00e8nere literari a c\u00e0rrec del guionista lleidat\u00e0 Paco Hern\u00e1ndez.<br \/>\nAl llarg de la seva conversa, ens va explicar per&hellip;  <a href=\"https:\/\/agora.xtec.cat\/iesguindavols\/general\/el-comic-amb-paco-hernandez-2\/\" title=\"Read El c\u00f2mic amb Paco Hern\u00e1ndez\">Llegeix m\u00e9s\u00bb<\/a><\/p>\n","protected":false},"author":6,"featured_media":67564,"comment_status":"open","ping_status":"closed","sticky":false,"template":"","format":"standard","meta":{"_bbp_topic_count":0,"_bbp_reply_count":0,"_bbp_total_topic_count":0,"_bbp_total_reply_count":0,"_bbp_voice_count":0,"_bbp_anonymous_reply_count":0,"_bbp_topic_count_hidden":0,"_bbp_reply_count_hidden":0,"_bbp_forum_subforum_count":0,"footnotes":""},"categories":[1],"tags":[],"class_list":["post-67560","post","type-post","status-publish","format-standard","has-post-thumbnail","hentry","category-general"],"post_mailing_queue_ids":[],"_links":{"self":[{"href":"https:\/\/agora.xtec.cat\/iesguindavols\/wp-json\/wp\/v2\/posts\/67560","targetHints":{"allow":["GET"]}}],"collection":[{"href":"https:\/\/agora.xtec.cat\/iesguindavols\/wp-json\/wp\/v2\/posts"}],"about":[{"href":"https:\/\/agora.xtec.cat\/iesguindavols\/wp-json\/wp\/v2\/types\/post"}],"author":[{"embeddable":true,"href":"https:\/\/agora.xtec.cat\/iesguindavols\/wp-json\/wp\/v2\/users\/6"}],"replies":[{"embeddable":true,"href":"https:\/\/agora.xtec.cat\/iesguindavols\/wp-json\/wp\/v2\/comments?post=67560"}],"version-history":[{"count":2,"href":"https:\/\/agora.xtec.cat\/iesguindavols\/wp-json\/wp\/v2\/posts\/67560\/revisions"}],"predecessor-version":[{"id":67566,"href":"https:\/\/agora.xtec.cat\/iesguindavols\/wp-json\/wp\/v2\/posts\/67560\/revisions\/67566"}],"wp:featuredmedia":[{"embeddable":true,"href":"https:\/\/agora.xtec.cat\/iesguindavols\/wp-json\/wp\/v2\/media\/67564"}],"wp:attachment":[{"href":"https:\/\/agora.xtec.cat\/iesguindavols\/wp-json\/wp\/v2\/media?parent=67560"}],"wp:term":[{"taxonomy":"category","embeddable":true,"href":"https:\/\/agora.xtec.cat\/iesguindavols\/wp-json\/wp\/v2\/categories?post=67560"},{"taxonomy":"post_tag","embeddable":true,"href":"https:\/\/agora.xtec.cat\/iesguindavols\/wp-json\/wp\/v2\/tags?post=67560"}],"curies":[{"name":"wp","href":"https:\/\/api.w.org\/{rel}","templated":true}]}}