{"id":67553,"date":"2023-03-31T09:15:40","date_gmt":"2023-03-31T07:15:40","guid":{"rendered":"https:\/\/agora.xtec.cat\/iesguindavols\/?p=67553"},"modified":"2023-06-15T09:19:11","modified_gmt":"2023-06-15T07:19:11","slug":"acte-inauguracio-aula-grohe-training-academy-a-linstitut-guindavols","status":"publish","type":"post","link":"https:\/\/agora.xtec.cat\/iesguindavols\/general\/acte-inauguracio-aula-grohe-training-academy-a-linstitut-guindavols\/","title":{"rendered":"Acte inauguraci\u00f3 aula Grohe Training Academy a l\u2019Institut Guind\u00e0vols"},"content":{"rendered":"<p><a href=\"https:\/\/agora.xtec.cat\/iesguindavols\/wp-content\/uploads\/usu2923\/2023\/06\/1680196640756-1200x500_c.jpg\"><img loading=\"lazy\" decoding=\"async\" class=\"alignnone size-large wp-image-67554\" src=\"https:\/\/agora.xtec.cat\/iesguindavols\/wp-content\/uploads\/usu2923\/2023\/06\/1680196640756-1200x500_c-1024x427.jpg\" alt=\"\" width=\"1024\" height=\"427\" srcset=\"https:\/\/agora.xtec.cat\/iesguindavols\/wp-content\/uploads\/usu2923\/2023\/06\/1680196640756-1200x500_c-1024x427.jpg 1024w, https:\/\/agora.xtec.cat\/iesguindavols\/wp-content\/uploads\/usu2923\/2023\/06\/1680196640756-1200x500_c-300x125.jpg 300w, https:\/\/agora.xtec.cat\/iesguindavols\/wp-content\/uploads\/usu2923\/2023\/06\/1680196640756-1200x500_c-768x320.jpg 768w, https:\/\/agora.xtec.cat\/iesguindavols\/wp-content\/uploads\/usu2923\/2023\/06\/1680196640756-1200x500_c.jpg 1200w\" sizes=\"auto, (max-width: 1024px) 100vw, 1024px\" \/><\/a><\/p>\n<p>El passat dimarts 28 de mar\u00e7 a l\u2019Institut Guind\u00e0vols de Lleida va tenir lloc l\u2019acte d\u2019inauguraci\u00f3 de l\u2019aula Grohe Training Academy.<\/p>\n<p><a href=\"https:\/\/agora.xtec.cat\/iesguindavols\/wp-content\/uploads\/usu2923\/2023\/06\/1680196693214-1024x768-1.jpg\"><img loading=\"lazy\" decoding=\"async\" class=\"alignnone size-full wp-image-67557\" src=\"https:\/\/agora.xtec.cat\/iesguindavols\/wp-content\/uploads\/usu2923\/2023\/06\/1680196693214-1024x768-1.jpg\" alt=\"\" width=\"1024\" height=\"768\" srcset=\"https:\/\/agora.xtec.cat\/iesguindavols\/wp-content\/uploads\/usu2923\/2023\/06\/1680196693214-1024x768-1.jpg 1024w, https:\/\/agora.xtec.cat\/iesguindavols\/wp-content\/uploads\/usu2923\/2023\/06\/1680196693214-1024x768-1-300x225.jpg 300w, https:\/\/agora.xtec.cat\/iesguindavols\/wp-content\/uploads\/usu2923\/2023\/06\/1680196693214-1024x768-1-768x576.jpg 768w, https:\/\/agora.xtec.cat\/iesguindavols\/wp-content\/uploads\/usu2923\/2023\/06\/1680196693214-1024x768-1-200x150.jpg 200w\" sizes=\"auto, (max-width: 1024px) 100vw, 1024px\" \/><\/a><\/p>\n<p>Aquest equipament d\u2019aixetes i aparells sanitaris d\u2019\u00faltima generaci\u00f3 \u00e9s conseq\u00fc\u00e8ncia del premi que l\u2019empresa Grohe va assignar al centre educatiu de proced\u00e8ncia del guanyador de la medalla d\u2019or de la modalitat de lampisteria i calefacci\u00f3 del campionat Spainskills 2022. L\u2019alumne guanyador d\u2019aquella edici\u00f3 Pol Dalmau Artigas \u00e9s un dels 40 alumnes que va formar part de la delegaci\u00f3 catalana a SpainSkills 2022, formada pels primers classificats de cada modalitat als campionats Catskills 2021.<\/p>\n<p><a href=\"https:\/\/agora.xtec.cat\/iesguindavols\/wp-content\/uploads\/usu2923\/2023\/06\/1680196640783-1024x576-1.jpg\"><img loading=\"lazy\" decoding=\"async\" class=\"alignnone size-full wp-image-67556\" src=\"https:\/\/agora.xtec.cat\/iesguindavols\/wp-content\/uploads\/usu2923\/2023\/06\/1680196640783-1024x576-1.jpg\" alt=\"\" width=\"1024\" height=\"576\" srcset=\"https:\/\/agora.xtec.cat\/iesguindavols\/wp-content\/uploads\/usu2923\/2023\/06\/1680196640783-1024x576-1.jpg 1024w, https:\/\/agora.xtec.cat\/iesguindavols\/wp-content\/uploads\/usu2923\/2023\/06\/1680196640783-1024x576-1-300x169.jpg 300w, https:\/\/agora.xtec.cat\/iesguindavols\/wp-content\/uploads\/usu2923\/2023\/06\/1680196640783-1024x576-1-768x432.jpg 768w\" sizes=\"auto, (max-width: 1024px) 100vw, 1024px\" \/><\/a><\/p>\n<p>La dotaci\u00f3 de la nova aula de formaci\u00f3 s\u2019ha emmarcat en un conveni de cooperaci\u00f3 entre el Departament d\u2019Educaci\u00f3 i Grohe Espa\u00f1a S.A. El nou espai es far\u00e0 servir com a taller de formaci\u00f3 d\u2019instal\u00b7laci\u00f3 d\u2019elements sanitaris de darrera generaci\u00f3. L\u2019empresa tamb\u00e9 oferir\u00e0 assessorament i col\u00b7laborar\u00e0 en algunes de les activitats que s\u2019organitzaran en un futur com formar a instal\u00b7ladors de la zona i ser un dels principals patrocinadors del CatSkills 2023.<\/p>\n<p><a href=\"https:\/\/agora.xtec.cat\/iesguindavols\/wp-content\/uploads\/usu2923\/2023\/06\/1680196640771-1024x576-1.jpg\"><img loading=\"lazy\" decoding=\"async\" class=\"alignnone size-full wp-image-67555\" src=\"https:\/\/agora.xtec.cat\/iesguindavols\/wp-content\/uploads\/usu2923\/2023\/06\/1680196640771-1024x576-1.jpg\" alt=\"\" width=\"1024\" height=\"576\" srcset=\"https:\/\/agora.xtec.cat\/iesguindavols\/wp-content\/uploads\/usu2923\/2023\/06\/1680196640771-1024x576-1.jpg 1024w, https:\/\/agora.xtec.cat\/iesguindavols\/wp-content\/uploads\/usu2923\/2023\/06\/1680196640771-1024x576-1-300x169.jpg 300w, https:\/\/agora.xtec.cat\/iesguindavols\/wp-content\/uploads\/usu2923\/2023\/06\/1680196640771-1024x576-1-768x432.jpg 768w\" sizes=\"auto, (max-width: 1024px) 100vw, 1024px\" \/><\/a><\/p>\n<p>L\u2019Institut Guind\u00e0vols \u00e9s el centre educatiu organitzador de les modalitats de lampisteria i calefacci\u00f3 (skill 15), refrigeraci\u00f3 (skill 37) dels campionats Catskills 2023.\u00a0El suport i la implicaci\u00f3 del sector empresarial \u00e9s fonamental per a l\u2019organitzaci\u00f3 de les proves, i el programa facilita que les empreses coneguin de primera m\u00e0 la qualitat i els resultats de la formaci\u00f3 professional de Catalunya.<\/p>\n","protected":false},"excerpt":{"rendered":"<p><a href=\"https:\/\/agora.xtec.cat\/iesguindavols\/wp-content\/uploads\/usu2923\/2023\/06\/1680196640756-1200x500_c.jpg\"><\/a><br \/>\nEl passat dimarts 28 de mar\u00e7 a l\u2019Institut Guind\u00e0vols de Lleida va tenir lloc l\u2019acte d\u2019inauguraci\u00f3 de l\u2019aula Grohe Training Academy.<br \/>\n<a href=\"https:\/\/agora.xtec.cat\/iesguindavols\/wp-content\/uploads\/usu2923\/2023\/06\/1680196693214-1024x768-1.jpg\"><\/a><br \/>\nAquest equipament d\u2019aixetes i aparells sanitaris d\u2019\u00faltima generaci\u00f3 \u00e9s conseq\u00fc\u00e8ncia del premi que l\u2019empresa Grohe va assignar al centre educatiu de proced\u00e8ncia del&hellip;  <a href=\"https:\/\/agora.xtec.cat\/iesguindavols\/general\/acte-inauguracio-aula-grohe-training-academy-a-linstitut-guindavols\/\" title=\"Read Acte inauguraci\u00f3 aula Grohe Training Academy a l\u2019Institut Guind\u00e0vols\">Llegeix m\u00e9s\u00bb<\/a><\/p>\n","protected":false},"author":6,"featured_media":67554,"comment_status":"open","ping_status":"closed","sticky":false,"template":"","format":"standard","meta":{"_bbp_topic_count":0,"_bbp_reply_count":0,"_bbp_total_topic_count":0,"_bbp_total_reply_count":0,"_bbp_voice_count":0,"_bbp_anonymous_reply_count":0,"_bbp_topic_count_hidden":0,"_bbp_reply_count_hidden":0,"_bbp_forum_subforum_count":0,"footnotes":""},"categories":[109,185,107,122,123,30,251,179,180,160,1,124,125,126,127,128,143,29],"tags":[],"class_list":["post-67553","post","type-post","status-publish","format-standard","has-post-thumbnail","hentry","category-activitats","category-campionat-de-formacio-professional","category-centre","category-cf-grau-mitja","category-cf-grau-superior","category-cicles-formatius","category-education-2","category-familia-professional-de-fabricacio-mecanica","category-tecnic-en-mecanitzacio","category-tecnic-superior-en-programacio-de-la-produccio-en-fabricacio-mecanica","category-general","category-tecnic-en-manteniment-electromecanic","category-tecnic-en-installacions-de-produccio-de-calor","category-tecnic-en-installacions-frigorifiques-i-de-climatitzacio","category-tecnic-superior-en-manteniment-dinstallacions-termiques-i-de-fluids","category-familia-professional-dinstallacio-i-manteniment","category-noticies","category-portada"],"post_mailing_queue_ids":[],"_links":{"self":[{"href":"https:\/\/agora.xtec.cat\/iesguindavols\/wp-json\/wp\/v2\/posts\/67553","targetHints":{"allow":["GET"]}}],"collection":[{"href":"https:\/\/agora.xtec.cat\/iesguindavols\/wp-json\/wp\/v2\/posts"}],"about":[{"href":"https:\/\/agora.xtec.cat\/iesguindavols\/wp-json\/wp\/v2\/types\/post"}],"author":[{"embeddable":true,"href":"https:\/\/agora.xtec.cat\/iesguindavols\/wp-json\/wp\/v2\/users\/6"}],"replies":[{"embeddable":true,"href":"https:\/\/agora.xtec.cat\/iesguindavols\/wp-json\/wp\/v2\/comments?post=67553"}],"version-history":[{"count":2,"href":"https:\/\/agora.xtec.cat\/iesguindavols\/wp-json\/wp\/v2\/posts\/67553\/revisions"}],"predecessor-version":[{"id":67559,"href":"https:\/\/agora.xtec.cat\/iesguindavols\/wp-json\/wp\/v2\/posts\/67553\/revisions\/67559"}],"wp:featuredmedia":[{"embeddable":true,"href":"https:\/\/agora.xtec.cat\/iesguindavols\/wp-json\/wp\/v2\/media\/67554"}],"wp:attachment":[{"href":"https:\/\/agora.xtec.cat\/iesguindavols\/wp-json\/wp\/v2\/media?parent=67553"}],"wp:term":[{"taxonomy":"category","embeddable":true,"href":"https:\/\/agora.xtec.cat\/iesguindavols\/wp-json\/wp\/v2\/categories?post=67553"},{"taxonomy":"post_tag","embeddable":true,"href":"https:\/\/agora.xtec.cat\/iesguindavols\/wp-json\/wp\/v2\/tags?post=67553"}],"curies":[{"name":"wp","href":"https:\/\/api.w.org\/{rel}","templated":true}]}}