{"id":67498,"date":"2023-05-30T13:27:26","date_gmt":"2023-05-30T11:27:26","guid":{"rendered":"https:\/\/agora.xtec.cat\/iesguindavols\/?p=67498"},"modified":"2023-05-31T13:32:33","modified_gmt":"2023-05-31T11:32:33","slug":"passejada-per-la-ilerda-romana","status":"publish","type":"post","link":"https:\/\/agora.xtec.cat\/iesguindavols\/general\/passejada-per-la-ilerda-romana\/","title":{"rendered":"Passejada per la Ilerda romana"},"content":{"rendered":"<p><a href=\"https:\/\/agora.xtec.cat\/iesguindavols\/wp-content\/uploads\/usu2923\/2023\/05\/IMG_8166-1200x500_c.jpg\"><img loading=\"lazy\" decoding=\"async\" class=\"alignnone size-large wp-image-67499\" src=\"https:\/\/agora.xtec.cat\/iesguindavols\/wp-content\/uploads\/usu2923\/2023\/05\/IMG_8166-1200x500_c-1024x427.jpg\" alt=\"\" width=\"1024\" height=\"427\" srcset=\"https:\/\/agora.xtec.cat\/iesguindavols\/wp-content\/uploads\/usu2923\/2023\/05\/IMG_8166-1200x500_c-1024x427.jpg 1024w, https:\/\/agora.xtec.cat\/iesguindavols\/wp-content\/uploads\/usu2923\/2023\/05\/IMG_8166-1200x500_c-300x125.jpg 300w, https:\/\/agora.xtec.cat\/iesguindavols\/wp-content\/uploads\/usu2923\/2023\/05\/IMG_8166-1200x500_c-768x320.jpg 768w, https:\/\/agora.xtec.cat\/iesguindavols\/wp-content\/uploads\/usu2923\/2023\/05\/IMG_8166-1200x500_c.jpg 1200w\" sizes=\"auto, (max-width: 1024px) 100vw, 1024px\" \/><\/a><\/p>\n<p>Les alumnes de l\u2019assignatura de \u201cM\u00f3n Cl\u00e0ssic\u201d de 1r de Batxillerat han fer de cicerones dels seus companys i companyes de 1r d\u2019ESO, explicant les diverses restes romanes que podem trobar passejant per Lleida. L\u2019alumnat de 1r d\u2019ESO, distribu\u00eft per equips capitanejats per les seves col\u00b7legues de Batxillerat, ha descobert\u00a0<em>in situ<\/em>\u00a0quina seria la ubicaci\u00f3 i caracter\u00edstiques de les restes de l\u2019\u00e8poca romana a Lleida: la muralla, la domus urbana de l\u2019Auditori, les termes, la necr\u00f2polis, el macellum o mercat, el f\u00f2rum, el port fluvial i la l\u00e0pida d\u2019una lleidatana d\u2019origen grec del segle I dC: l\u2019Afr\u00e0nia Chrocale. Una experi\u00e8ncia d\u2019aprenentatge entre iguals i mentoria que cal repetir sens dubte!<\/p>\n","protected":false},"excerpt":{"rendered":"<p><a href=\"https:\/\/agora.xtec.cat\/iesguindavols\/wp-content\/uploads\/usu2923\/2023\/05\/IMG_8166-1200x500_c.jpg\"><\/a><br \/>\nLes alumnes de l\u2019assignatura de \u201cM\u00f3n Cl\u00e0ssic\u201d de 1r de Batxillerat han fer de cicerones dels seus companys i companyes de 1r d\u2019ESO, explicant les diverses restes romanes que podem trobar passejant per Lleida. L\u2019alumnat de 1r d\u2019ESO, distribu\u00eft per equips capitanejats per les&hellip;  <a href=\"https:\/\/agora.xtec.cat\/iesguindavols\/general\/passejada-per-la-ilerda-romana\/\" title=\"Read Passejada per la Ilerda romana\">Llegeix m\u00e9s\u00bb<\/a><\/p>\n","protected":false},"author":6,"featured_media":67499,"comment_status":"open","ping_status":"closed","sticky":false,"template":"","format":"standard","meta":{"_bbp_topic_count":0,"_bbp_reply_count":0,"_bbp_total_topic_count":0,"_bbp_total_reply_count":0,"_bbp_voice_count":0,"_bbp_anonymous_reply_count":0,"_bbp_topic_count_hidden":0,"_bbp_reply_count_hidden":0,"_bbp_forum_subforum_count":0,"footnotes":""},"categories":[109,110,1,143,144,29],"tags":[],"class_list":["post-67498","post","type-post","status-publish","format-standard","has-post-thumbnail","hentry","category-activitats","category-eso-al-guindavols","category-general","category-noticies","category-novetats","category-portada"],"post_mailing_queue_ids":[],"_links":{"self":[{"href":"https:\/\/agora.xtec.cat\/iesguindavols\/wp-json\/wp\/v2\/posts\/67498","targetHints":{"allow":["GET"]}}],"collection":[{"href":"https:\/\/agora.xtec.cat\/iesguindavols\/wp-json\/wp\/v2\/posts"}],"about":[{"href":"https:\/\/agora.xtec.cat\/iesguindavols\/wp-json\/wp\/v2\/types\/post"}],"author":[{"embeddable":true,"href":"https:\/\/agora.xtec.cat\/iesguindavols\/wp-json\/wp\/v2\/users\/6"}],"replies":[{"embeddable":true,"href":"https:\/\/agora.xtec.cat\/iesguindavols\/wp-json\/wp\/v2\/comments?post=67498"}],"version-history":[{"count":2,"href":"https:\/\/agora.xtec.cat\/iesguindavols\/wp-json\/wp\/v2\/posts\/67498\/revisions"}],"predecessor-version":[{"id":67501,"href":"https:\/\/agora.xtec.cat\/iesguindavols\/wp-json\/wp\/v2\/posts\/67498\/revisions\/67501"}],"wp:featuredmedia":[{"embeddable":true,"href":"https:\/\/agora.xtec.cat\/iesguindavols\/wp-json\/wp\/v2\/media\/67499"}],"wp:attachment":[{"href":"https:\/\/agora.xtec.cat\/iesguindavols\/wp-json\/wp\/v2\/media?parent=67498"}],"wp:term":[{"taxonomy":"category","embeddable":true,"href":"https:\/\/agora.xtec.cat\/iesguindavols\/wp-json\/wp\/v2\/categories?post=67498"},{"taxonomy":"post_tag","embeddable":true,"href":"https:\/\/agora.xtec.cat\/iesguindavols\/wp-json\/wp\/v2\/tags?post=67498"}],"curies":[{"name":"wp","href":"https:\/\/api.w.org\/{rel}","templated":true}]}}