{"id":67494,"date":"2023-05-30T13:24:17","date_gmt":"2023-05-30T11:24:17","guid":{"rendered":"https:\/\/agora.xtec.cat\/iesguindavols\/?p=67494"},"modified":"2023-05-31T13:33:37","modified_gmt":"2023-05-31T11:33:37","slug":"premi-heracles-per-a-iman-abbassi","status":"publish","type":"post","link":"https:\/\/agora.xtec.cat\/iesguindavols\/general\/premi-heracles-per-a-iman-abbassi\/","title":{"rendered":"Premi H\u00e8racles per a Iman Abbassi"},"content":{"rendered":"<p><a href=\"https:\/\/agora.xtec.cat\/iesguindavols\/wp-content\/uploads\/usu2923\/2023\/05\/IMG_E8116-1200x500_c.jpg\"><img loading=\"lazy\" decoding=\"async\" class=\"alignnone size-large wp-image-67495\" src=\"https:\/\/agora.xtec.cat\/iesguindavols\/wp-content\/uploads\/usu2923\/2023\/05\/IMG_E8116-1200x500_c-1024x427.jpg\" alt=\"\" width=\"1024\" height=\"427\" srcset=\"https:\/\/agora.xtec.cat\/iesguindavols\/wp-content\/uploads\/usu2923\/2023\/05\/IMG_E8116-1200x500_c-1024x427.jpg 1024w, https:\/\/agora.xtec.cat\/iesguindavols\/wp-content\/uploads\/usu2923\/2023\/05\/IMG_E8116-1200x500_c-300x125.jpg 300w, https:\/\/agora.xtec.cat\/iesguindavols\/wp-content\/uploads\/usu2923\/2023\/05\/IMG_E8116-1200x500_c-768x320.jpg 768w, https:\/\/agora.xtec.cat\/iesguindavols\/wp-content\/uploads\/usu2923\/2023\/05\/IMG_E8116-1200x500_c.jpg 1200w\" sizes=\"auto, (max-width: 1024px) 100vw, 1024px\" \/><\/a><\/p>\n<p>Tercer guard\u00f3 per a la nostra alumna Iman Abbassi Tahiri, que amb el seu treball de recerca \u201cSecrets amagats en un pergam\u00ed\u201d, tutoritzat per la professora Teresa Quintill\u00e0, s\u2019ha endut el Premi H\u00e8racles 2023, al millor treball de recerca de Batxillerat a Catalunya en l\u2019\u00e0mbit de les lleng\u00fces i cultures grega i llatina. L\u2019acte de lliurament, realitzat el passat 25 de maig a la Facultat de Filologia de la Universitat de Barcelona, va comptar, entre altres, amb la intervenci\u00f3 del Dr. Javier Velaza, Deg\u00e0 de la Facultat de Filologia i Comunicaci\u00f3 de la UB, que va destacar la gran qualitat de la recerca de la Iman, que ha consistit a transcriure, traduir, analitzar i contextualitzar un document in\u00e8dit en llat\u00ed del segle XVI que la Montse Freixes, companya del nostre centre va adquirir a un antiquari d\u2019Agramunt sense coneixer-ne el valor i el contingut del document. Enhorabona, Iman, i moltes gr\u00e0cies, Montse!<\/p>\n","protected":false},"excerpt":{"rendered":"<p><a href=\"https:\/\/agora.xtec.cat\/iesguindavols\/wp-content\/uploads\/usu2923\/2023\/05\/IMG_E8116-1200x500_c.jpg\"><\/a><br \/>\nTercer guard\u00f3 per a la nostra alumna Iman Abbassi Tahiri, que amb el seu treball de recerca \u201cSecrets amagats en un pergam\u00ed\u201d, tutoritzat per la professora Teresa Quintill\u00e0, s\u2019ha endut el Premi H\u00e8racles 2023, al millor treball de recerca de Batxillerat a Catalunya en&hellip;  <a href=\"https:\/\/agora.xtec.cat\/iesguindavols\/general\/premi-heracles-per-a-iman-abbassi\/\" title=\"Read Premi H\u00e8racles per a Iman Abbassi\">Llegeix m\u00e9s\u00bb<\/a><\/p>\n","protected":false},"author":6,"featured_media":67495,"comment_status":"open","ping_status":"closed","sticky":false,"template":"","format":"standard","meta":{"_bbp_topic_count":0,"_bbp_reply_count":0,"_bbp_total_topic_count":0,"_bbp_total_reply_count":0,"_bbp_voice_count":0,"_bbp_anonymous_reply_count":0,"_bbp_topic_count_hidden":0,"_bbp_reply_count_hidden":0,"_bbp_forum_subforum_count":0,"footnotes":""},"categories":[109,8,107,251,1,143,144,29],"tags":[],"class_list":["post-67494","post","type-post","status-publish","format-standard","has-post-thumbnail","hentry","category-activitats","category-batxillerat","category-centre","category-education-2","category-general","category-noticies","category-novetats","category-portada"],"post_mailing_queue_ids":[],"_links":{"self":[{"href":"https:\/\/agora.xtec.cat\/iesguindavols\/wp-json\/wp\/v2\/posts\/67494","targetHints":{"allow":["GET"]}}],"collection":[{"href":"https:\/\/agora.xtec.cat\/iesguindavols\/wp-json\/wp\/v2\/posts"}],"about":[{"href":"https:\/\/agora.xtec.cat\/iesguindavols\/wp-json\/wp\/v2\/types\/post"}],"author":[{"embeddable":true,"href":"https:\/\/agora.xtec.cat\/iesguindavols\/wp-json\/wp\/v2\/users\/6"}],"replies":[{"embeddable":true,"href":"https:\/\/agora.xtec.cat\/iesguindavols\/wp-json\/wp\/v2\/comments?post=67494"}],"version-history":[{"count":1,"href":"https:\/\/agora.xtec.cat\/iesguindavols\/wp-json\/wp\/v2\/posts\/67494\/revisions"}],"predecessor-version":[{"id":67496,"href":"https:\/\/agora.xtec.cat\/iesguindavols\/wp-json\/wp\/v2\/posts\/67494\/revisions\/67496"}],"wp:featuredmedia":[{"embeddable":true,"href":"https:\/\/agora.xtec.cat\/iesguindavols\/wp-json\/wp\/v2\/media\/67495"}],"wp:attachment":[{"href":"https:\/\/agora.xtec.cat\/iesguindavols\/wp-json\/wp\/v2\/media?parent=67494"}],"wp:term":[{"taxonomy":"category","embeddable":true,"href":"https:\/\/agora.xtec.cat\/iesguindavols\/wp-json\/wp\/v2\/categories?post=67494"},{"taxonomy":"post_tag","embeddable":true,"href":"https:\/\/agora.xtec.cat\/iesguindavols\/wp-json\/wp\/v2\/tags?post=67494"}],"curies":[{"name":"wp","href":"https:\/\/api.w.org\/{rel}","templated":true}]}}