{"id":67367,"date":"2023-05-08T13:33:56","date_gmt":"2023-05-08T11:33:56","guid":{"rendered":"https:\/\/agora.xtec.cat\/iesguindavols\/?p=67367"},"modified":"2023-05-24T13:39:27","modified_gmt":"2023-05-24T11:39:27","slug":"visitem-el-mercatec","status":"publish","type":"post","link":"https:\/\/agora.xtec.cat\/iesguindavols\/general\/visitem-el-mercatec\/","title":{"rendered":"VISITEM EL MERCATEC"},"content":{"rendered":"<p><a href=\"https:\/\/agora.xtec.cat\/iesguindavols\/wp-content\/uploads\/usu2923\/2023\/05\/WhatsApp-Image-2023-05-05-at-12.10.01-1200x500_c.jpeg\"><img loading=\"lazy\" decoding=\"async\" class=\"alignnone size-large wp-image-67370\" src=\"https:\/\/agora.xtec.cat\/iesguindavols\/wp-content\/uploads\/usu2923\/2023\/05\/WhatsApp-Image-2023-05-05-at-12.10.01-1200x500_c-1024x427.jpeg\" alt=\"\" width=\"1024\" height=\"427\" srcset=\"https:\/\/agora.xtec.cat\/iesguindavols\/wp-content\/uploads\/usu2923\/2023\/05\/WhatsApp-Image-2023-05-05-at-12.10.01-1200x500_c-1024x427.jpeg 1024w, https:\/\/agora.xtec.cat\/iesguindavols\/wp-content\/uploads\/usu2923\/2023\/05\/WhatsApp-Image-2023-05-05-at-12.10.01-1200x500_c-300x125.jpeg 300w, https:\/\/agora.xtec.cat\/iesguindavols\/wp-content\/uploads\/usu2923\/2023\/05\/WhatsApp-Image-2023-05-05-at-12.10.01-1200x500_c-768x320.jpeg 768w, https:\/\/agora.xtec.cat\/iesguindavols\/wp-content\/uploads\/usu2923\/2023\/05\/WhatsApp-Image-2023-05-05-at-12.10.01-1200x500_c.jpeg 1200w\" sizes=\"auto, (max-width: 1024px) 100vw, 1024px\" \/><\/a><\/p>\n<p>El passat dia 5 de maig l\u2019alumnat de 3r ESO va visitar el Mercatec. Va ser una jornada molt interessant, on l\u2019alumnat va poder dur a terme els seg\u00fcents tallers: la ci\u00e8ncia dels viatges especials, crea el teu propi videojoc i esc\u00e0nners 3D.<\/p>\n<p>A m\u00e9s a m\u00e9s d\u2019assistir com a visitants al Mercatec, tamb\u00e9 hi va haver un grup d\u2019alumnes de 1r de batxillerat, de 3r i de 2n d\u2019ESO que van exposar els seus treballs de rob\u00f2tica. L\u2019alumnat de 1r de batxillerat i de 3r d\u2019ESO van exposar els Cansats i l\u2019alumnat de 2n d\u2019ESO va exposar tres robots lego.<\/p>\n<p><a href=\"https:\/\/agora.xtec.cat\/iesguindavols\/wp-content\/uploads\/usu2923\/2023\/05\/WhatsApp-Image-2023-05-05-at-12.10.17-1024x576-1.jpeg\"><img loading=\"lazy\" decoding=\"async\" class=\"alignnone size-full wp-image-67371\" src=\"https:\/\/agora.xtec.cat\/iesguindavols\/wp-content\/uploads\/usu2923\/2023\/05\/WhatsApp-Image-2023-05-05-at-12.10.17-1024x576-1.jpeg\" alt=\"\" width=\"1024\" height=\"576\" srcset=\"https:\/\/agora.xtec.cat\/iesguindavols\/wp-content\/uploads\/usu2923\/2023\/05\/WhatsApp-Image-2023-05-05-at-12.10.17-1024x576-1.jpeg 1024w, https:\/\/agora.xtec.cat\/iesguindavols\/wp-content\/uploads\/usu2923\/2023\/05\/WhatsApp-Image-2023-05-05-at-12.10.17-1024x576-1-300x169.jpeg 300w, https:\/\/agora.xtec.cat\/iesguindavols\/wp-content\/uploads\/usu2923\/2023\/05\/WhatsApp-Image-2023-05-05-at-12.10.17-1024x576-1-768x432.jpeg 768w\" sizes=\"auto, (max-width: 1024px) 100vw, 1024px\" \/><\/a><\/p>\n<p><a href=\"https:\/\/agora.xtec.cat\/iesguindavols\/wp-content\/uploads\/usu2923\/2023\/05\/WhatsApp-Image-2023-05-05-at-12.08.34-1.jpeg\"><img loading=\"lazy\" decoding=\"async\" class=\"alignnone size-full wp-image-67368\" src=\"https:\/\/agora.xtec.cat\/iesguindavols\/wp-content\/uploads\/usu2923\/2023\/05\/WhatsApp-Image-2023-05-05-at-12.08.34-1.jpeg\" alt=\"\" width=\"768\" height=\"1024\" srcset=\"https:\/\/agora.xtec.cat\/iesguindavols\/wp-content\/uploads\/usu2923\/2023\/05\/WhatsApp-Image-2023-05-05-at-12.08.34-1.jpeg 768w, https:\/\/agora.xtec.cat\/iesguindavols\/wp-content\/uploads\/usu2923\/2023\/05\/WhatsApp-Image-2023-05-05-at-12.08.34-1-225x300.jpeg 225w\" sizes=\"auto, (max-width: 768px) 100vw, 768px\" \/><\/a><\/p>\n<p><a href=\"https:\/\/agora.xtec.cat\/iesguindavols\/wp-content\/uploads\/usu2923\/2023\/05\/WhatsApp-Image-2023-05-05-at-12.08.35.jpeg\"><img loading=\"lazy\" decoding=\"async\" class=\"alignnone size-full wp-image-67369\" src=\"https:\/\/agora.xtec.cat\/iesguindavols\/wp-content\/uploads\/usu2923\/2023\/05\/WhatsApp-Image-2023-05-05-at-12.08.35.jpeg\" alt=\"\" width=\"1024\" height=\"768\" srcset=\"https:\/\/agora.xtec.cat\/iesguindavols\/wp-content\/uploads\/usu2923\/2023\/05\/WhatsApp-Image-2023-05-05-at-12.08.35.jpeg 1024w, https:\/\/agora.xtec.cat\/iesguindavols\/wp-content\/uploads\/usu2923\/2023\/05\/WhatsApp-Image-2023-05-05-at-12.08.35-300x225.jpeg 300w, https:\/\/agora.xtec.cat\/iesguindavols\/wp-content\/uploads\/usu2923\/2023\/05\/WhatsApp-Image-2023-05-05-at-12.08.35-768x576.jpeg 768w, https:\/\/agora.xtec.cat\/iesguindavols\/wp-content\/uploads\/usu2923\/2023\/05\/WhatsApp-Image-2023-05-05-at-12.08.35-200x150.jpeg 200w\" sizes=\"auto, (max-width: 1024px) 100vw, 1024px\" \/><\/a><\/p>\n","protected":false},"excerpt":{"rendered":"<p><a href=\"https:\/\/agora.xtec.cat\/iesguindavols\/wp-content\/uploads\/usu2923\/2023\/05\/WhatsApp-Image-2023-05-05-at-12.10.01-1200x500_c.jpeg\"><\/a><br \/>\nEl passat dia 5 de maig l\u2019alumnat de 3r ESO va visitar el Mercatec. Va ser una jornada molt interessant, on l\u2019alumnat va poder dur a terme els seg\u00fcents tallers: la ci\u00e8ncia dels viatges especials, crea el teu propi videojoc i esc\u00e0nners 3D.<br \/>\nA m\u00e9s&hellip;  <a href=\"https:\/\/agora.xtec.cat\/iesguindavols\/general\/visitem-el-mercatec\/\" title=\"Read VISITEM EL MERCATEC\">Llegeix m\u00e9s\u00bb<\/a><\/p>\n","protected":false},"author":6,"featured_media":67370,"comment_status":"open","ping_status":"closed","sticky":false,"template":"","format":"standard","meta":{"_bbp_topic_count":0,"_bbp_reply_count":0,"_bbp_total_topic_count":0,"_bbp_total_reply_count":0,"_bbp_voice_count":0,"_bbp_anonymous_reply_count":0,"_bbp_topic_count_hidden":0,"_bbp_reply_count_hidden":0,"_bbp_forum_subforum_count":0,"footnotes":""},"categories":[109,8,107,251,1,144,29,168,169],"tags":[],"class_list":["post-67367","post","type-post","status-publish","format-standard","has-post-thumbnail","hentry","category-activitats","category-batxillerat","category-centre","category-education-2","category-general","category-novetats","category-portada","category-robotica","category-tecnologia"],"post_mailing_queue_ids":[],"_links":{"self":[{"href":"https:\/\/agora.xtec.cat\/iesguindavols\/wp-json\/wp\/v2\/posts\/67367","targetHints":{"allow":["GET"]}}],"collection":[{"href":"https:\/\/agora.xtec.cat\/iesguindavols\/wp-json\/wp\/v2\/posts"}],"about":[{"href":"https:\/\/agora.xtec.cat\/iesguindavols\/wp-json\/wp\/v2\/types\/post"}],"author":[{"embeddable":true,"href":"https:\/\/agora.xtec.cat\/iesguindavols\/wp-json\/wp\/v2\/users\/6"}],"replies":[{"embeddable":true,"href":"https:\/\/agora.xtec.cat\/iesguindavols\/wp-json\/wp\/v2\/comments?post=67367"}],"version-history":[{"count":2,"href":"https:\/\/agora.xtec.cat\/iesguindavols\/wp-json\/wp\/v2\/posts\/67367\/revisions"}],"predecessor-version":[{"id":67373,"href":"https:\/\/agora.xtec.cat\/iesguindavols\/wp-json\/wp\/v2\/posts\/67367\/revisions\/67373"}],"wp:featuredmedia":[{"embeddable":true,"href":"https:\/\/agora.xtec.cat\/iesguindavols\/wp-json\/wp\/v2\/media\/67370"}],"wp:attachment":[{"href":"https:\/\/agora.xtec.cat\/iesguindavols\/wp-json\/wp\/v2\/media?parent=67367"}],"wp:term":[{"taxonomy":"category","embeddable":true,"href":"https:\/\/agora.xtec.cat\/iesguindavols\/wp-json\/wp\/v2\/categories?post=67367"},{"taxonomy":"post_tag","embeddable":true,"href":"https:\/\/agora.xtec.cat\/iesguindavols\/wp-json\/wp\/v2\/tags?post=67367"}],"curies":[{"name":"wp","href":"https:\/\/api.w.org\/{rel}","templated":true}]}}