{"id":67350,"date":"2023-05-16T13:16:53","date_gmt":"2023-05-16T11:16:53","guid":{"rendered":"https:\/\/agora.xtec.cat\/iesguindavols\/?p=67350"},"modified":"2023-05-24T13:22:23","modified_gmt":"2023-05-24T11:22:23","slug":"europa-a-labast","status":"publish","type":"post","link":"https:\/\/agora.xtec.cat\/iesguindavols\/general\/europa-a-labast\/","title":{"rendered":"EUROPA A L\u2019ABAST"},"content":{"rendered":"<p><a href=\"https:\/\/agora.xtec.cat\/iesguindavols\/wp-content\/uploads\/usu2923\/2023\/05\/IMG_2763-1-1200x500_c.jpg\"><img loading=\"lazy\" decoding=\"async\" class=\"alignnone size-large wp-image-67351\" src=\"https:\/\/agora.xtec.cat\/iesguindavols\/wp-content\/uploads\/usu2923\/2023\/05\/IMG_2763-1-1200x500_c-1024x427.jpg\" alt=\"\" width=\"1024\" height=\"427\" srcset=\"https:\/\/agora.xtec.cat\/iesguindavols\/wp-content\/uploads\/usu2923\/2023\/05\/IMG_2763-1-1200x500_c-1024x427.jpg 1024w, https:\/\/agora.xtec.cat\/iesguindavols\/wp-content\/uploads\/usu2923\/2023\/05\/IMG_2763-1-1200x500_c-300x125.jpg 300w, https:\/\/agora.xtec.cat\/iesguindavols\/wp-content\/uploads\/usu2923\/2023\/05\/IMG_2763-1-1200x500_c-768x320.jpg 768w, https:\/\/agora.xtec.cat\/iesguindavols\/wp-content\/uploads\/usu2923\/2023\/05\/IMG_2763-1-1200x500_c.jpg 1200w\" sizes=\"auto, (max-width: 1024px) 100vw, 1024px\" \/><\/a><\/p>\n<p>Avui hem tingut el plaer d\u2019escoltar a Joaquim Millan de Europedirect Lleida i Eurolocal, expert en administraci\u00f3 p\u00fablica i les seves relacions amb les institucions de la Uni\u00f3 Europea- campanyes de comunicaci\u00f3, prioritats, objectius, programes i projectes. que ha fet una xerrada al nostre alumnat de 1r curs de Batxillerat i Cicle Formatiu de Moda, sobre la Uni\u00f3 Europea i les seves institucions ; tamb\u00e9 ha donat informaci\u00f3 sobre mobilitat i oportunitats laborals a la Uni\u00f3 Europea.<\/p>\n<p>L\u2019alumnat en acabar, ha encetat un debat molt interessant amb preguntes i aportacions sobre la tem\u00e0tica.<\/p>\n<p>Let\u2019s go for Europe!!!!<\/p>\n<table style=\"border-collapse: collapse; width: 100%;\">\n<tbody>\n<tr>\n<td style=\"width: 33.3333%; border-color: #ffffff;\"><a href=\"https:\/\/agora.xtec.cat\/iesguindavols\/wp-content\/uploads\/usu2923\/2023\/05\/9f886557-65ae-4591-af99-448ec77d4ad0-1-1024x768-1.jpg\"><img loading=\"lazy\" decoding=\"async\" class=\"alignnone size-full wp-image-67352\" src=\"https:\/\/agora.xtec.cat\/iesguindavols\/wp-content\/uploads\/usu2923\/2023\/05\/9f886557-65ae-4591-af99-448ec77d4ad0-1-1024x768-1.jpg\" alt=\"\" width=\"1024\" height=\"768\" srcset=\"https:\/\/agora.xtec.cat\/iesguindavols\/wp-content\/uploads\/usu2923\/2023\/05\/9f886557-65ae-4591-af99-448ec77d4ad0-1-1024x768-1.jpg 1024w, https:\/\/agora.xtec.cat\/iesguindavols\/wp-content\/uploads\/usu2923\/2023\/05\/9f886557-65ae-4591-af99-448ec77d4ad0-1-1024x768-1-300x225.jpg 300w, https:\/\/agora.xtec.cat\/iesguindavols\/wp-content\/uploads\/usu2923\/2023\/05\/9f886557-65ae-4591-af99-448ec77d4ad0-1-1024x768-1-768x576.jpg 768w, https:\/\/agora.xtec.cat\/iesguindavols\/wp-content\/uploads\/usu2923\/2023\/05\/9f886557-65ae-4591-af99-448ec77d4ad0-1-1024x768-1-200x150.jpg 200w\" sizes=\"auto, (max-width: 1024px) 100vw, 1024px\" \/><\/a><\/td>\n<td style=\"width: 33.3333%; border-color: #ffffff;\"><a href=\"https:\/\/agora.xtec.cat\/iesguindavols\/wp-content\/uploads\/usu2923\/2023\/05\/f721203f-1699-4545-85a5-5d64d6b366b8-1.jpg\"><img loading=\"lazy\" decoding=\"async\" class=\"alignnone size-full wp-image-67353\" src=\"https:\/\/agora.xtec.cat\/iesguindavols\/wp-content\/uploads\/usu2923\/2023\/05\/f721203f-1699-4545-85a5-5d64d6b366b8-1.jpg\" alt=\"\" width=\"1024\" height=\"768\" srcset=\"https:\/\/agora.xtec.cat\/iesguindavols\/wp-content\/uploads\/usu2923\/2023\/05\/f721203f-1699-4545-85a5-5d64d6b366b8-1.jpg 1024w, https:\/\/agora.xtec.cat\/iesguindavols\/wp-content\/uploads\/usu2923\/2023\/05\/f721203f-1699-4545-85a5-5d64d6b366b8-1-300x225.jpg 300w, https:\/\/agora.xtec.cat\/iesguindavols\/wp-content\/uploads\/usu2923\/2023\/05\/f721203f-1699-4545-85a5-5d64d6b366b8-1-768x576.jpg 768w, https:\/\/agora.xtec.cat\/iesguindavols\/wp-content\/uploads\/usu2923\/2023\/05\/f721203f-1699-4545-85a5-5d64d6b366b8-1-200x150.jpg 200w\" sizes=\"auto, (max-width: 1024px) 100vw, 1024px\" \/><\/a><\/td>\n<td style=\"width: 33.3333%; border-color: #ffffff;\"><a href=\"https:\/\/agora.xtec.cat\/iesguindavols\/wp-content\/uploads\/usu2923\/2023\/05\/IMG_2761-2.jpg\"><img loading=\"lazy\" decoding=\"async\" class=\"alignnone size-full wp-image-67354\" src=\"https:\/\/agora.xtec.cat\/iesguindavols\/wp-content\/uploads\/usu2923\/2023\/05\/IMG_2761-2.jpg\" alt=\"\" width=\"640\" height=\"480\" srcset=\"https:\/\/agora.xtec.cat\/iesguindavols\/wp-content\/uploads\/usu2923\/2023\/05\/IMG_2761-2.jpg 640w, https:\/\/agora.xtec.cat\/iesguindavols\/wp-content\/uploads\/usu2923\/2023\/05\/IMG_2761-2-300x225.jpg 300w, https:\/\/agora.xtec.cat\/iesguindavols\/wp-content\/uploads\/usu2923\/2023\/05\/IMG_2761-2-200x150.jpg 200w\" sizes=\"auto, (max-width: 640px) 100vw, 640px\" \/><\/a><\/td>\n<\/tr>\n<tr>\n<td style=\"width: 33.3333%; background-color: #ffffff; border-color: #ffffff;\" colspan=\"3\"><a href=\"https:\/\/agora.xtec.cat\/iesguindavols\/wp-content\/uploads\/usu2923\/2023\/05\/IMG_2767.jpg\"><img loading=\"lazy\" decoding=\"async\" class=\"size-full wp-image-67355 aligncenter\" src=\"https:\/\/agora.xtec.cat\/iesguindavols\/wp-content\/uploads\/usu2923\/2023\/05\/IMG_2767.jpg\" alt=\"\" width=\"640\" height=\"480\" srcset=\"https:\/\/agora.xtec.cat\/iesguindavols\/wp-content\/uploads\/usu2923\/2023\/05\/IMG_2767.jpg 640w, https:\/\/agora.xtec.cat\/iesguindavols\/wp-content\/uploads\/usu2923\/2023\/05\/IMG_2767-300x225.jpg 300w, https:\/\/agora.xtec.cat\/iesguindavols\/wp-content\/uploads\/usu2923\/2023\/05\/IMG_2767-200x150.jpg 200w\" sizes=\"auto, (max-width: 640px) 100vw, 640px\" \/><\/a><\/td>\n<\/tr>\n<\/tbody>\n<\/table>\n","protected":false},"excerpt":{"rendered":"<p><a href=\"https:\/\/agora.xtec.cat\/iesguindavols\/wp-content\/uploads\/usu2923\/2023\/05\/IMG_2763-1-1200x500_c.jpg\"><\/a><br \/>\nAvui hem tingut el plaer d\u2019escoltar a Joaquim Millan de Europedirect Lleida i Eurolocal, expert en administraci\u00f3 p\u00fablica i les seves relacions amb les institucions de la Uni\u00f3 Europea- campanyes de comunicaci\u00f3, prioritats, objectius, programes i projectes. que ha fet una xerrada al nostre&hellip;  <a href=\"https:\/\/agora.xtec.cat\/iesguindavols\/general\/europa-a-labast\/\" title=\"Read EUROPA A L\u2019ABAST\">Llegeix m\u00e9s\u00bb<\/a><\/p>\n","protected":false},"author":6,"featured_media":67351,"comment_status":"open","ping_status":"closed","sticky":false,"template":"","format":"standard","meta":{"_bbp_topic_count":0,"_bbp_reply_count":0,"_bbp_total_topic_count":0,"_bbp_total_reply_count":0,"_bbp_voice_count":0,"_bbp_anonymous_reply_count":0,"_bbp_topic_count_hidden":0,"_bbp_reply_count_hidden":0,"_bbp_forum_subforum_count":0,"footnotes":""},"categories":[1],"tags":[],"class_list":["post-67350","post","type-post","status-publish","format-standard","has-post-thumbnail","hentry","category-general"],"post_mailing_queue_ids":[],"_links":{"self":[{"href":"https:\/\/agora.xtec.cat\/iesguindavols\/wp-json\/wp\/v2\/posts\/67350","targetHints":{"allow":["GET"]}}],"collection":[{"href":"https:\/\/agora.xtec.cat\/iesguindavols\/wp-json\/wp\/v2\/posts"}],"about":[{"href":"https:\/\/agora.xtec.cat\/iesguindavols\/wp-json\/wp\/v2\/types\/post"}],"author":[{"embeddable":true,"href":"https:\/\/agora.xtec.cat\/iesguindavols\/wp-json\/wp\/v2\/users\/6"}],"replies":[{"embeddable":true,"href":"https:\/\/agora.xtec.cat\/iesguindavols\/wp-json\/wp\/v2\/comments?post=67350"}],"version-history":[{"count":2,"href":"https:\/\/agora.xtec.cat\/iesguindavols\/wp-json\/wp\/v2\/posts\/67350\/revisions"}],"predecessor-version":[{"id":67358,"href":"https:\/\/agora.xtec.cat\/iesguindavols\/wp-json\/wp\/v2\/posts\/67350\/revisions\/67358"}],"wp:featuredmedia":[{"embeddable":true,"href":"https:\/\/agora.xtec.cat\/iesguindavols\/wp-json\/wp\/v2\/media\/67351"}],"wp:attachment":[{"href":"https:\/\/agora.xtec.cat\/iesguindavols\/wp-json\/wp\/v2\/media?parent=67350"}],"wp:term":[{"taxonomy":"category","embeddable":true,"href":"https:\/\/agora.xtec.cat\/iesguindavols\/wp-json\/wp\/v2\/categories?post=67350"},{"taxonomy":"post_tag","embeddable":true,"href":"https:\/\/agora.xtec.cat\/iesguindavols\/wp-json\/wp\/v2\/tags?post=67350"}],"curies":[{"name":"wp","href":"https:\/\/api.w.org\/{rel}","templated":true}]}}