{"id":67031,"date":"2023-03-24T11:10:10","date_gmt":"2023-03-24T11:10:10","guid":{"rendered":"https:\/\/portal.institutguindavols.cat\/?p=67031"},"modified":"2023-04-19T19:02:37","modified_gmt":"2023-04-19T17:02:37","slug":"tot-plegat-semblava-una-broma","status":"publish","type":"post","link":"https:\/\/agora.xtec.cat\/iesguindavols\/general\/tot-plegat-semblava-una-broma\/","title":{"rendered":"Tot plegat semblava una broma"},"content":{"rendered":"\r\n<p>Aquest \u00e9s el t\u00edtol del darrer llibre que ha llegit l&#8217;alumnat de 4t A i B, una obra en qu\u00e8 l&#8217;Anna Vilar, la seva autora, ha tractat de forma molt clara i sense embuts un tema que impacta l&#8217;alumnat adolescent, el bullying o assetjament entre iguals.<\/p>\r\n\r\n\r\n\r\n<p>L&#8217;Anna Vilar ha visitat el nostre centre i ha conversat amb l&#8217;alumnat, ha escoltat les seves opinions, ha respost a les seves preguntes i suggeriments. Des d&#8217;aqu\u00ed li agra\u00efm la seva pres\u00e8ncia. Vam gaudir d&#8217;una estona molt agradable i interessant.<\/p>\r\n\r\n\r\n\r\n<ul class=\"wp-block-gallery columns-3 is-cropped wp-block-gallery-1 is-layout-flex wp-block-gallery-is-layout-flex\">\r\n<li class=\"blocks-gallery-item\">\r\n<figure><img decoding=\"async\" class=\"wp-image-67035\" src=\"https:\/\/portal.institutguindavols.cat\/wp-content\/uploads\/16794326338841-1024x620.jpg\" alt=\"\" data-id=\"67035\" data-link=\"https:\/\/portal.institutguindavols.cat\/16794326338841\/\" \/><\/figure>\r\n<\/li>\r\n<li class=\"blocks-gallery-item\">\r\n<figure><img decoding=\"async\" class=\"wp-image-67036\" src=\"https:\/\/portal.institutguindavols.cat\/wp-content\/uploads\/16794328845951-1024x576.jpg\" alt=\"\" data-id=\"67036\" data-link=\"https:\/\/portal.institutguindavols.cat\/16794328845951\/\" \/><\/figure>\r\n<\/li>\r\n<li class=\"blocks-gallery-item\">\r\n<figure><img decoding=\"async\" class=\"wp-image-67033\" src=\"https:\/\/portal.institutguindavols.cat\/wp-content\/uploads\/1679432633854-1024x756.jpg\" alt=\"\" data-id=\"67033\" data-link=\"https:\/\/portal.institutguindavols.cat\/1679432633854\/\" \/><\/figure>\r\n<\/li>\r\n<\/ul>\r\n","protected":false},"excerpt":{"rendered":"<p>Aquest \u00e9s el t\u00edtol del darrer llibre que ha llegit l&#8217;alumnat de 4t A i B, una obra en qu\u00e8 l&#8217;Anna Vilar, la seva autora, ha tractat de forma molt clara i sense embuts un tema que impacta l&#8217;alumnat adolescent, el bullying o assetjament entre&hellip;  <a href=\"https:\/\/agora.xtec.cat\/iesguindavols\/general\/tot-plegat-semblava-una-broma\/\" title=\"Read Tot plegat semblava una broma\">Llegeix m\u00e9s\u00bb<\/a><\/p>\n","protected":false},"author":4,"featured_media":67099,"comment_status":"closed","ping_status":"closed","sticky":false,"template":"","format":"standard","meta":{"_bbp_topic_count":0,"_bbp_reply_count":0,"_bbp_total_topic_count":0,"_bbp_total_reply_count":0,"_bbp_voice_count":0,"_bbp_anonymous_reply_count":0,"_bbp_topic_count_hidden":0,"_bbp_reply_count_hidden":0,"_bbp_forum_subforum_count":0,"footnotes":""},"categories":[1],"tags":[],"class_list":["post-67031","post","type-post","status-publish","format-standard","has-post-thumbnail","hentry","category-general"],"post_mailing_queue_ids":[],"_links":{"self":[{"href":"https:\/\/agora.xtec.cat\/iesguindavols\/wp-json\/wp\/v2\/posts\/67031","targetHints":{"allow":["GET"]}}],"collection":[{"href":"https:\/\/agora.xtec.cat\/iesguindavols\/wp-json\/wp\/v2\/posts"}],"about":[{"href":"https:\/\/agora.xtec.cat\/iesguindavols\/wp-json\/wp\/v2\/types\/post"}],"author":[{"embeddable":true,"href":"https:\/\/agora.xtec.cat\/iesguindavols\/wp-json\/wp\/v2\/users\/4"}],"replies":[{"embeddable":true,"href":"https:\/\/agora.xtec.cat\/iesguindavols\/wp-json\/wp\/v2\/comments?post=67031"}],"version-history":[{"count":1,"href":"https:\/\/agora.xtec.cat\/iesguindavols\/wp-json\/wp\/v2\/posts\/67031\/revisions"}],"predecessor-version":[{"id":67100,"href":"https:\/\/agora.xtec.cat\/iesguindavols\/wp-json\/wp\/v2\/posts\/67031\/revisions\/67100"}],"wp:featuredmedia":[{"embeddable":true,"href":"https:\/\/agora.xtec.cat\/iesguindavols\/wp-json\/wp\/v2\/media\/67099"}],"wp:attachment":[{"href":"https:\/\/agora.xtec.cat\/iesguindavols\/wp-json\/wp\/v2\/media?parent=67031"}],"wp:term":[{"taxonomy":"category","embeddable":true,"href":"https:\/\/agora.xtec.cat\/iesguindavols\/wp-json\/wp\/v2\/categories?post=67031"},{"taxonomy":"post_tag","embeddable":true,"href":"https:\/\/agora.xtec.cat\/iesguindavols\/wp-json\/wp\/v2\/tags?post=67031"}],"curies":[{"name":"wp","href":"https:\/\/api.w.org\/{rel}","templated":true}]}}