{"id":67023,"date":"2023-03-24T12:03:23","date_gmt":"2023-03-24T12:03:23","guid":{"rendered":"https:\/\/portal.institutguindavols.cat\/?p=67023"},"modified":"2023-04-19T19:00:08","modified_gmt":"2023-04-19T17:00:08","slug":"sense-guineus-ni-destrals","status":"publish","type":"post","link":"https:\/\/agora.xtec.cat\/iesguindavols\/general\/sense-guineus-ni-destrals\/","title":{"rendered":"Sense guineus ni destrals"},"content":{"rendered":"\r\n<p>L&#8217;alumna <strong>Iman Abbassi<\/strong>, de Literatura Catalana de 2n de batxillerat, presenta al concurs El Gust per la Lectura el seg\u00fcent poema, inspirat en els temes, l&#8217;estil i les emocions expressades per Maria Merc\u00e8 Mar\u00e7al en el llibre &#8220;Bruixa de dol&#8221;. Li desitgem molta sort!<\/p>\r\n\r\n\r\n\r\n<p style=\"text-align: center;\">Des d\u2019una habitaci\u00f3 oculta,<br \/>jo t\u2019escric aquest poema.<br \/>El dest\u00ed a mi m\u2019insulta,<br \/>per\u00f2 el batr\u00e0 el nostre emblema.<\/p>\r\n\r\n\r\n\r\n<p style=\"text-align: center;\">Acosta-te&#8217;m, sense espentes,<br \/>que hem superat les espases.<br \/>Anem lluny! Siguem valentes,<br \/>fugim ara de les brases.<\/p>\r\n\r\n\r\n\r\n<p style=\"text-align: center;\">La lluna ens far\u00e0 fortes,<br \/>entre records dolorosos.<br \/>Tu i jo mai serem mortes!<br \/>No volem els bel\u00b7licosos!<\/p>\r\n\r\n\r\n\r\n<p style=\"text-align: center;\">Nom\u00e9s demanem la vida,<br \/>sense guineus ni destrals.<br \/>Vols ser cavall sense brida,<br \/>i amb mi compartir els cap\u00e7als?<\/p>\r\n\r\n\r\n\r\n<p style=\"text-align: center;\">Preciosa, tu tens la lluna,<br \/>per\u00f2 encara vas de dol.<br \/>Jo em mantinc com una duna,<br \/>per\u00f2 arrecerada del sol.<\/p>\r\n\r\n\r\n\r\n<p style=\"text-align: center;\">Em fa por patir mancan\u00e7a,<br \/>potser el teu mar et crida.<br \/>Ho accepto sense recan\u00e7a,<br \/>lliure cavall sense brida.<\/p>\r\n\r\n\r\n\r\n<p style=\"text-align: center;\">Jo com una heura ser\u00e9,<br \/>capgirant dol\u00e7ament les cartes.<br \/>Potser algun dia et trobar\u00e9,<br \/>llavors floriran abartes.<\/p>\r\n\r\n\r\n\r\n<p style=\"text-align: center;\"><em>La verge encara ha de decidir el seu cam\u00ed,<br \/>l\u2019escorpina \u00e9s feli\u00e7 d\u2019haver-li dedicat el seu poema.<\/em><br \/><strong>Iman Abbassi Tahiri.<\/strong><\/p>\r\n\r\n\r\n\r\n<p>&nbsp;<\/p>\r\n","protected":false},"excerpt":{"rendered":"<p>L&#8217;alumna Iman Abbassi, de Literatura Catalana de 2n de batxillerat, presenta al concurs El Gust per la Lectura el seg\u00fcent poema, inspirat en els temes, l&#8217;estil i les emocions expressades per Maria Merc\u00e8 Mar\u00e7al en el llibre &#8220;Bruixa de dol&#8221;. Li desitgem molta sort!<\/p>\n<p>Des d\u2019una&hellip;  <a href=\"https:\/\/agora.xtec.cat\/iesguindavols\/general\/sense-guineus-ni-destrals\/\" title=\"Read Sense guineus ni destrals\">Llegeix m\u00e9s\u00bb<\/a><\/p>\n","protected":false},"author":4,"featured_media":67097,"comment_status":"closed","ping_status":"closed","sticky":false,"template":"","format":"standard","meta":{"_bbp_topic_count":0,"_bbp_reply_count":0,"_bbp_total_topic_count":0,"_bbp_total_reply_count":0,"_bbp_voice_count":0,"_bbp_anonymous_reply_count":0,"_bbp_topic_count_hidden":0,"_bbp_reply_count_hidden":0,"_bbp_forum_subforum_count":0,"footnotes":""},"categories":[1],"tags":[],"class_list":["post-67023","post","type-post","status-publish","format-standard","has-post-thumbnail","hentry","category-general"],"post_mailing_queue_ids":[],"_links":{"self":[{"href":"https:\/\/agora.xtec.cat\/iesguindavols\/wp-json\/wp\/v2\/posts\/67023","targetHints":{"allow":["GET"]}}],"collection":[{"href":"https:\/\/agora.xtec.cat\/iesguindavols\/wp-json\/wp\/v2\/posts"}],"about":[{"href":"https:\/\/agora.xtec.cat\/iesguindavols\/wp-json\/wp\/v2\/types\/post"}],"author":[{"embeddable":true,"href":"https:\/\/agora.xtec.cat\/iesguindavols\/wp-json\/wp\/v2\/users\/4"}],"replies":[{"embeddable":true,"href":"https:\/\/agora.xtec.cat\/iesguindavols\/wp-json\/wp\/v2\/comments?post=67023"}],"version-history":[{"count":1,"href":"https:\/\/agora.xtec.cat\/iesguindavols\/wp-json\/wp\/v2\/posts\/67023\/revisions"}],"predecessor-version":[{"id":67098,"href":"https:\/\/agora.xtec.cat\/iesguindavols\/wp-json\/wp\/v2\/posts\/67023\/revisions\/67098"}],"wp:featuredmedia":[{"embeddable":true,"href":"https:\/\/agora.xtec.cat\/iesguindavols\/wp-json\/wp\/v2\/media\/67097"}],"wp:attachment":[{"href":"https:\/\/agora.xtec.cat\/iesguindavols\/wp-json\/wp\/v2\/media?parent=67023"}],"wp:term":[{"taxonomy":"category","embeddable":true,"href":"https:\/\/agora.xtec.cat\/iesguindavols\/wp-json\/wp\/v2\/categories?post=67023"},{"taxonomy":"post_tag","embeddable":true,"href":"https:\/\/agora.xtec.cat\/iesguindavols\/wp-json\/wp\/v2\/tags?post=67023"}],"curies":[{"name":"wp","href":"https:\/\/api.w.org\/{rel}","templated":true}]}}