{"id":66845,"date":"2023-01-18T15:08:34","date_gmt":"2023-01-18T15:08:34","guid":{"rendered":"https:\/\/portal.institutguindavols.cat\/?p=66845"},"modified":"2023-04-20T10:51:33","modified_gmt":"2023-04-20T08:51:33","slug":"miniatures-catalanes","status":"publish","type":"post","link":"https:\/\/agora.xtec.cat\/iesguindavols\/general\/miniatures-catalanes\/","title":{"rendered":"Miniatures catalanes"},"content":{"rendered":"\r\n<p>Dissabte 21 de gener, a les 20,30h, l&#8217;Esbart Dansaire S\u00edcoris estrenar\u00e0 l&#8217;espectacle &#8220;Miniatures Catalanes&#8221; a l&#8217;Auditori Enric Granados de Lleida.<br \/>\u00c9s un espectacle per celebrar el 50\u00e8 aniversari de l&#8217;Esbart i l&#8217;alumnat del Cicle Formatiu de Grau Superior de Vestuari a Mida i d&#8217;Espectacles n&#8217;ha elaborat el vestuari dels dansaires.<br \/>Es tracta d&#8217;un recorregut coreogr\u00e0fic de peces d&#8217;Enric Granados, Eduard Toldr\u00e0, Frederic Mompou i Xavier Montsalvatge, entre altres. Les &#8220;Miniatures Catalanes&#8221; s\u00f3n un conjunt de peces per a viol\u00ed i piano que reflecteixen l&#8217;articulaci\u00f3 de la m\u00fasica de cambra, des de finals del segle XIX fins poc despr\u00e9s del 1939.<br \/>Us hi esperem!!<\/p>\r\n\r\n\r\n\r\n<figure class=\"wp-block-image\"><img decoding=\"async\" class=\"wp-image-66846\" src=\"https:\/\/portal.institutguindavols.cat\/wp-content\/uploads\/IMG-20230105-WA0008-697x1024.jpg\" alt=\"\" \/><\/figure>\r\n\r\n\r\n\r\n<figure class=\"wp-block-image\"><img decoding=\"async\" class=\"wp-image-66847\" src=\"https:\/\/portal.institutguindavols.cat\/wp-content\/uploads\/IMG-20230117-WA0013-1024x768.jpg\" alt=\"\" \/><\/figure>\r\n\r\n\r\n\r\n<figure class=\"wp-block-image\"><img decoding=\"async\" class=\"wp-image-66848\" src=\"https:\/\/portal.institutguindavols.cat\/wp-content\/uploads\/IMG-20230117-WA0014-1024x768.jpg\" alt=\"\" \/><\/figure>\r\n\r\n\r\n\r\n<p>Les fotos seg\u00fcents, corresponen a l\u2019actuaci\u00f3 del dia 21 de gener, a l\u2019Auditori Enric Granados de Lleida, on es pot veure els dansaires del ballet lluint el vestuari que ha elaborat l\u2019alumnat del Guind\u00e0vols.<\/p>\r\n\r\n\r\n\r\n<figure class=\"wp-block-image\"><img decoding=\"async\" class=\"wp-image-66916\" src=\"https:\/\/portal.institutguindavols.cat\/wp-content\/uploads\/WhatsApp-Image-2023-01-22-at-10.40.18-1-1024x576.jpeg\" alt=\"\" \/><\/figure>\r\n\r\n\r\n\r\n<figure class=\"wp-block-image\"><img decoding=\"async\" class=\"wp-image-66917\" src=\"https:\/\/portal.institutguindavols.cat\/wp-content\/uploads\/WhatsApp-Image-2023-01-22-at-10.40.18-1024x576.jpeg\" alt=\"\" \/><\/figure>\r\n\r\n\r\n\r\n<p>I a continuaci\u00f3, us mostrem unes fotos de l\u2019actuaci\u00f3 del dia 27 de gener, al Teatre l\u2019Amistat de Mollerussa.<\/p>\r\n\r\n\r\n\r\n<figure class=\"wp-block-image\"><img decoding=\"async\" class=\"wp-image-66919\" src=\"https:\/\/portal.institutguindavols.cat\/wp-content\/uploads\/WhatsApp-Image-2023-01-27-at-21.29.37-2-1024x768.jpeg\" alt=\"\" \/><\/figure>\r\n\r\n\r\n\r\n<figure class=\"wp-block-image\"><img decoding=\"async\" class=\"wp-image-66918\" src=\"https:\/\/portal.institutguindavols.cat\/wp-content\/uploads\/IMG-20230206-WA0011-1024x461.jpg\" alt=\"\" \/><\/figure>\r\n\r\n\r\n\r\n<p>&nbsp;<\/p>\r\n","protected":false},"excerpt":{"rendered":"<p>Dissabte 21 de gener, a les 20,30h, l&#8217;Esbart Dansaire S\u00edcoris estrenar\u00e0 l&#8217;espectacle &#8220;Miniatures Catalanes&#8221; a l&#8217;Auditori Enric Granados de Lleida.\u00c9s un espectacle per celebrar el 50\u00e8 aniversari de l&#8217;Esbart i l&#8217;alumnat del Cicle Formatiu de Grau Superior de Vestuari a Mida i d&#8217;Espectacles n&#8217;ha elaborat&hellip;  <a href=\"https:\/\/agora.xtec.cat\/iesguindavols\/general\/miniatures-catalanes\/\" title=\"Read Miniatures catalanes\">Llegeix m\u00e9s\u00bb<\/a><\/p>\n","protected":false},"author":6,"featured_media":67142,"comment_status":"closed","ping_status":"closed","sticky":false,"template":"","format":"standard","meta":{"_bbp_topic_count":0,"_bbp_reply_count":0,"_bbp_total_topic_count":0,"_bbp_total_reply_count":0,"_bbp_voice_count":0,"_bbp_anonymous_reply_count":0,"_bbp_topic_count_hidden":0,"_bbp_reply_count_hidden":0,"_bbp_forum_subforum_count":0,"footnotes":""},"categories":[1],"tags":[],"class_list":["post-66845","post","type-post","status-publish","format-standard","has-post-thumbnail","hentry","category-general"],"post_mailing_queue_ids":[],"_links":{"self":[{"href":"https:\/\/agora.xtec.cat\/iesguindavols\/wp-json\/wp\/v2\/posts\/66845","targetHints":{"allow":["GET"]}}],"collection":[{"href":"https:\/\/agora.xtec.cat\/iesguindavols\/wp-json\/wp\/v2\/posts"}],"about":[{"href":"https:\/\/agora.xtec.cat\/iesguindavols\/wp-json\/wp\/v2\/types\/post"}],"author":[{"embeddable":true,"href":"https:\/\/agora.xtec.cat\/iesguindavols\/wp-json\/wp\/v2\/users\/6"}],"replies":[{"embeddable":true,"href":"https:\/\/agora.xtec.cat\/iesguindavols\/wp-json\/wp\/v2\/comments?post=66845"}],"version-history":[{"count":1,"href":"https:\/\/agora.xtec.cat\/iesguindavols\/wp-json\/wp\/v2\/posts\/66845\/revisions"}],"predecessor-version":[{"id":67143,"href":"https:\/\/agora.xtec.cat\/iesguindavols\/wp-json\/wp\/v2\/posts\/66845\/revisions\/67143"}],"wp:featuredmedia":[{"embeddable":true,"href":"https:\/\/agora.xtec.cat\/iesguindavols\/wp-json\/wp\/v2\/media\/67142"}],"wp:attachment":[{"href":"https:\/\/agora.xtec.cat\/iesguindavols\/wp-json\/wp\/v2\/media?parent=66845"}],"wp:term":[{"taxonomy":"category","embeddable":true,"href":"https:\/\/agora.xtec.cat\/iesguindavols\/wp-json\/wp\/v2\/categories?post=66845"},{"taxonomy":"post_tag","embeddable":true,"href":"https:\/\/agora.xtec.cat\/iesguindavols\/wp-json\/wp\/v2\/tags?post=66845"}],"curies":[{"name":"wp","href":"https:\/\/api.w.org\/{rel}","templated":true}]}}