{"id":66836,"date":"2023-01-18T12:22:40","date_gmt":"2023-01-18T12:22:40","guid":{"rendered":"https:\/\/portal.institutguindavols.cat\/?p=66836"},"modified":"2023-04-20T10:52:39","modified_gmt":"2023-04-20T08:52:39","slug":"guindavols-amb-la-marato","status":"publish","type":"post","link":"https:\/\/agora.xtec.cat\/iesguindavols\/general\/guindavols-amb-la-marato\/","title":{"rendered":"Guind\u00e0vols amb La Marat\u00f3"},"content":{"rendered":"\r\n<p>Amb motiu de La Marat\u00f3 de TV3 es van realitzar una activitat a Visual i Pl\u00e0stica on l&#8217;alumnat havia de fer una il\u00b7lustraci\u00f3 d&#8217;un cor descriptiu i afegir all\u00f2 que els hi motiva, emociona&#8230;.amb el lema, qu\u00e8 fa que el teu cor bategui?<\/p>\r\n\r\n\r\n\r\n<p>Ja tenim els tres cors guanyadors<\/p>\r\n\r\n\r\n\r\n<figure class=\"wp-block-image\"><img decoding=\"async\" class=\"wp-image-66837\" src=\"https:\/\/portal.institutguindavols.cat\/wp-content\/uploads\/image-2.png\" alt=\"\" \/>\r\n<figcaption>1r premi &#8212;&#8212;&#8211;Celina Ziad 2n ESO A<\/figcaption>\r\n<\/figure>\r\n\r\n\r\n\r\n<figure class=\"wp-block-image\"><img decoding=\"async\" class=\"wp-image-66838\" src=\"https:\/\/portal.institutguindavols.cat\/wp-content\/uploads\/image-1-1.png\" alt=\"\" \/>\r\n<figcaption>2n premi &#8212;- Lucia Claros 2n ESO A<\/figcaption>\r\n<\/figure>\r\n\r\n\r\n\r\n<figure class=\"wp-block-image\"><img decoding=\"async\" class=\"wp-image-66839\" src=\"https:\/\/portal.institutguindavols.cat\/wp-content\/uploads\/image-2-1.png\" alt=\"\" \/>\r\n<figcaption>3r premi\u00a0 &#8212;&#8212;- Salma Benachour 2n ESO A<\/figcaption>\r\n<\/figure>\r\n\r\n\r\n\r\n<figure class=\"wp-block-image\"><img decoding=\"async\" class=\"wp-image-66840\" src=\"https:\/\/portal.institutguindavols.cat\/wp-content\/uploads\/IMG_3710.jpg\" alt=\"\" \/><\/figure>\r\n","protected":false},"excerpt":{"rendered":"<p>Amb motiu de La Marat\u00f3 de TV3 es van realitzar una activitat a Visual i Pl\u00e0stica on l&#8217;alumnat havia de fer una il\u00b7lustraci\u00f3 d&#8217;un cor descriptiu i afegir all\u00f2 que els hi motiva, emociona&#8230;.amb el lema, qu\u00e8 fa que el teu cor bategui?<\/p>\n<p>Ja tenim els&hellip;  <a href=\"https:\/\/agora.xtec.cat\/iesguindavols\/general\/guindavols-amb-la-marato\/\" title=\"Read Guind\u00e0vols amb La Marat\u00f3\">Llegeix m\u00e9s\u00bb<\/a><\/p>\n","protected":false},"author":6,"featured_media":67144,"comment_status":"closed","ping_status":"closed","sticky":false,"template":"","format":"standard","meta":{"_bbp_topic_count":0,"_bbp_reply_count":0,"_bbp_total_topic_count":0,"_bbp_total_reply_count":0,"_bbp_voice_count":0,"_bbp_anonymous_reply_count":0,"_bbp_topic_count_hidden":0,"_bbp_reply_count_hidden":0,"_bbp_forum_subforum_count":0,"footnotes":""},"categories":[1],"tags":[],"class_list":["post-66836","post","type-post","status-publish","format-standard","has-post-thumbnail","hentry","category-general"],"post_mailing_queue_ids":[],"_links":{"self":[{"href":"https:\/\/agora.xtec.cat\/iesguindavols\/wp-json\/wp\/v2\/posts\/66836","targetHints":{"allow":["GET"]}}],"collection":[{"href":"https:\/\/agora.xtec.cat\/iesguindavols\/wp-json\/wp\/v2\/posts"}],"about":[{"href":"https:\/\/agora.xtec.cat\/iesguindavols\/wp-json\/wp\/v2\/types\/post"}],"author":[{"embeddable":true,"href":"https:\/\/agora.xtec.cat\/iesguindavols\/wp-json\/wp\/v2\/users\/6"}],"replies":[{"embeddable":true,"href":"https:\/\/agora.xtec.cat\/iesguindavols\/wp-json\/wp\/v2\/comments?post=66836"}],"version-history":[{"count":1,"href":"https:\/\/agora.xtec.cat\/iesguindavols\/wp-json\/wp\/v2\/posts\/66836\/revisions"}],"predecessor-version":[{"id":67145,"href":"https:\/\/agora.xtec.cat\/iesguindavols\/wp-json\/wp\/v2\/posts\/66836\/revisions\/67145"}],"wp:featuredmedia":[{"embeddable":true,"href":"https:\/\/agora.xtec.cat\/iesguindavols\/wp-json\/wp\/v2\/media\/67144"}],"wp:attachment":[{"href":"https:\/\/agora.xtec.cat\/iesguindavols\/wp-json\/wp\/v2\/media?parent=66836"}],"wp:term":[{"taxonomy":"category","embeddable":true,"href":"https:\/\/agora.xtec.cat\/iesguindavols\/wp-json\/wp\/v2\/categories?post=66836"},{"taxonomy":"post_tag","embeddable":true,"href":"https:\/\/agora.xtec.cat\/iesguindavols\/wp-json\/wp\/v2\/tags?post=66836"}],"curies":[{"name":"wp","href":"https:\/\/api.w.org\/{rel}","templated":true}]}}