{"id":66762,"date":"2022-12-13T13:44:12","date_gmt":"2022-12-13T13:44:12","guid":{"rendered":"https:\/\/portal.institutguindavols.cat\/?p=66762"},"modified":"2023-04-20T10:55:58","modified_gmt":"2023-04-20T08:55:58","slug":"exchange-heidenheim","status":"publish","type":"post","link":"https:\/\/agora.xtec.cat\/iesguindavols\/general\/exchange-heidenheim\/","title":{"rendered":"EXCHANGE HEIDENHEIM"},"content":{"rendered":"\r\n<p>Intercanvi amb el centre HELLENSTEIN-GYMNASIUM de Heidenheim Alemanya.<\/p>\r\n\r\n\r\n\r\n<p>Aquesta setmana, des del dissabte 10 fins al dijous 15 de desembre, l&#8217;alumnat de 3r i 4t d&#8217;ESO acompanyat per D\u00eddac Pena i Laura Puyuelo est\u00e0 de viatge d&#8217;intercanvi amb l&#8217;alumnat alemany del Hellenstein-Gymnasium de Heidenheim.<\/p>\r\n\r\n\r\n\r\n<p>Durant aquests dies, a m\u00e9s d&#8217;assistir a les aules del centre alemany visitaran la ciutat de Munic i el Deutsches Museum, o Museu de la Ci\u00e8ncia, on podran experimentar en directe. Tamb\u00e9 faran una passejada per Ulm per admirarar l riu Danubi i la catedral, exemple d&#8217;art g\u00f2tic, que data de l&#8217;any 1377, amb la torre m\u00e9s alta del m\u00f3n i una al\u00e7ada de 161,53 m. Igualment visitaran Giengen an der Brenz i el Museu de Margarete Steiff.<\/p>\r\n\r\n\r\n\r\n<p>Desitgem que gaudeixin de l&#8217;hospitalitat, la gastronom\u00eda i el clima, que inclou la neu, de la regi\u00f3 de Baden W\u00fcrttemberg.<\/p>\r\n\r\n\r\n\r\n<p>Fins aviat!!!!!<\/p>\r\n","protected":false},"excerpt":{"rendered":"<p>Intercanvi amb el centre HELLENSTEIN-GYMNASIUM de Heidenheim Alemanya.<\/p>\n<p>Aquesta setmana, des del dissabte 10 fins al dijous 15 de desembre, l&#8217;alumnat de 3r i 4t d&#8217;ESO acompanyat per D\u00eddac Pena i Laura Puyuelo est\u00e0 de viatge d&#8217;intercanvi amb l&#8217;alumnat alemany del Hellenstein-Gymnasium de Heidenheim.<\/p>\n<p>Durant aquests dies,&hellip;  <a href=\"https:\/\/agora.xtec.cat\/iesguindavols\/general\/exchange-heidenheim\/\" title=\"Read EXCHANGE HEIDENHEIM\">Llegeix m\u00e9s\u00bb<\/a><\/p>\n","protected":false},"author":17,"featured_media":67152,"comment_status":"closed","ping_status":"closed","sticky":false,"template":"","format":"standard","meta":{"_bbp_topic_count":0,"_bbp_reply_count":0,"_bbp_total_topic_count":0,"_bbp_total_reply_count":0,"_bbp_voice_count":0,"_bbp_anonymous_reply_count":0,"_bbp_topic_count_hidden":0,"_bbp_reply_count_hidden":0,"_bbp_forum_subforum_count":0,"footnotes":""},"categories":[1],"tags":[],"class_list":["post-66762","post","type-post","status-publish","format-standard","has-post-thumbnail","hentry","category-general"],"post_mailing_queue_ids":[],"_links":{"self":[{"href":"https:\/\/agora.xtec.cat\/iesguindavols\/wp-json\/wp\/v2\/posts\/66762","targetHints":{"allow":["GET"]}}],"collection":[{"href":"https:\/\/agora.xtec.cat\/iesguindavols\/wp-json\/wp\/v2\/posts"}],"about":[{"href":"https:\/\/agora.xtec.cat\/iesguindavols\/wp-json\/wp\/v2\/types\/post"}],"author":[{"embeddable":true,"href":"https:\/\/agora.xtec.cat\/iesguindavols\/wp-json\/wp\/v2\/users\/17"}],"replies":[{"embeddable":true,"href":"https:\/\/agora.xtec.cat\/iesguindavols\/wp-json\/wp\/v2\/comments?post=66762"}],"version-history":[{"count":2,"href":"https:\/\/agora.xtec.cat\/iesguindavols\/wp-json\/wp\/v2\/posts\/66762\/revisions"}],"predecessor-version":[{"id":69460,"href":"https:\/\/agora.xtec.cat\/iesguindavols\/wp-json\/wp\/v2\/posts\/66762\/revisions\/69460"}],"wp:featuredmedia":[{"embeddable":true,"href":"https:\/\/agora.xtec.cat\/iesguindavols\/wp-json\/wp\/v2\/media\/67152"}],"wp:attachment":[{"href":"https:\/\/agora.xtec.cat\/iesguindavols\/wp-json\/wp\/v2\/media?parent=66762"}],"wp:term":[{"taxonomy":"category","embeddable":true,"href":"https:\/\/agora.xtec.cat\/iesguindavols\/wp-json\/wp\/v2\/categories?post=66762"},{"taxonomy":"post_tag","embeddable":true,"href":"https:\/\/agora.xtec.cat\/iesguindavols\/wp-json\/wp\/v2\/tags?post=66762"}],"curies":[{"name":"wp","href":"https:\/\/api.w.org\/{rel}","templated":true}]}}