{"id":66432,"date":"2023-04-04T14:25:42","date_gmt":"2023-04-04T12:25:42","guid":{"rendered":"https:\/\/agora.xtec.cat\/iesguindavols\/?p=66432"},"modified":"2023-04-13T14:30:43","modified_gmt":"2023-04-13T12:30:43","slug":"premis-recerca-jove","status":"publish","type":"post","link":"https:\/\/agora.xtec.cat\/iesguindavols\/general\/premis-recerca-jove\/","title":{"rendered":"Premis Recerca Jove"},"content":{"rendered":"<p>Novament hem triomfat als Premis Recerca Jove!<\/p>\n<p>Ens han atorgat el Premi Regin\u00f3 de centre i 3 premis a treballs de recerca del nostre alumnat:<\/p>\n<ul>\n<li>Ares Carrera Olom\u00ed amb el treball &#8220;El voluntariat: l&#8217;altra cara de les crisis&#8221; tutoritzat per Teresa Quintill\u00e0.<\/li>\n<li>Carla G\u00fcell Peruchet amb el treball &#8220;El vent de l&#8217;oblit&#8221; un estudi en profunditat sobre l&#8217;Alzheimer, que ha dirigit Merc\u00e8 del Barrio.<\/li>\n<li>Helena Pubill Quintill\u00e0 amb el treball &#8220;Del gris al violeta. El moviment feminista de la transici\u00f3 a Lleida: la part de la hist\u00f2ria que no s&#8217;ha explicat&#8221; tutoritzat per Rosa Borrell.<a href=\"https:\/\/agora.xtec.cat\/iesguindavols\/wp-content\/uploads\/usu2923\/2023\/04\/339882430_242725278256273_4562744898927701480_n.jpg\"><img loading=\"lazy\" decoding=\"async\" class=\"alignnone size-large wp-image-66433\" src=\"https:\/\/agora.xtec.cat\/iesguindavols\/wp-content\/uploads\/usu2923\/2023\/04\/339882430_242725278256273_4562744898927701480_n-1024x934.jpg\" alt=\"\" width=\"1024\" height=\"934\" srcset=\"https:\/\/agora.xtec.cat\/iesguindavols\/wp-content\/uploads\/usu2923\/2023\/04\/339882430_242725278256273_4562744898927701480_n-1024x934.jpg 1024w, https:\/\/agora.xtec.cat\/iesguindavols\/wp-content\/uploads\/usu2923\/2023\/04\/339882430_242725278256273_4562744898927701480_n-300x274.jpg 300w, https:\/\/agora.xtec.cat\/iesguindavols\/wp-content\/uploads\/usu2923\/2023\/04\/339882430_242725278256273_4562744898927701480_n-768x701.jpg 768w, https:\/\/agora.xtec.cat\/iesguindavols\/wp-content\/uploads\/usu2923\/2023\/04\/339882430_242725278256273_4562744898927701480_n.jpg 1440w\" sizes=\"auto, (max-width: 1024px) 100vw, 1024px\" \/><\/a><\/li>\n<\/ul>\n","protected":false},"excerpt":{"rendered":"<p>Novament hem triomfat als Premis Recerca Jove!<br \/>\nEns han atorgat el Premi Regin\u00f3 de centre i 3 premis a treballs de recerca del nostre alumnat:<\/p>\n<ul>\n<li>Ares Carrera Olom\u00ed amb el treball &#8220;El voluntariat: l&#8217;altra cara de les crisis&#8221; tutoritzat per Teresa Quintill\u00e0.<\/li>\n<li>Carla G\u00fcell Peruchet amb el treball&hellip;  <a href=\"https:\/\/agora.xtec.cat\/iesguindavols\/general\/premis-recerca-jove\/\" title=\"Read Premis Recerca Jove\">Llegeix m\u00e9s\u00bb<\/a><br \/>\n","protected":false},"author":6,"featured_media":66433,"comment_status":"open","ping_status":"closed","sticky":false,"template":"","format":"standard","meta":{"_bbp_topic_count":0,"_bbp_reply_count":0,"_bbp_total_topic_count":0,"_bbp_total_reply_count":0,"_bbp_voice_count":0,"_bbp_anonymous_reply_count":0,"_bbp_topic_count_hidden":0,"_bbp_reply_count_hidden":0,"_bbp_forum_subforum_count":0,"footnotes":""},"categories":[1],"tags":[],"class_list":["post-66432","post","type-post","status-publish","format-standard","has-post-thumbnail","hentry","category-general"],"post_mailing_queue_ids":[],"_links":{"self":[{"href":"https:\/\/agora.xtec.cat\/iesguindavols\/wp-json\/wp\/v2\/posts\/66432","targetHints":{"allow":["GET"]}}],"collection":[{"href":"https:\/\/agora.xtec.cat\/iesguindavols\/wp-json\/wp\/v2\/posts"}],"about":[{"href":"https:\/\/agora.xtec.cat\/iesguindavols\/wp-json\/wp\/v2\/types\/post"}],"author":[{"embeddable":true,"href":"https:\/\/agora.xtec.cat\/iesguindavols\/wp-json\/wp\/v2\/users\/6"}],"replies":[{"embeddable":true,"href":"https:\/\/agora.xtec.cat\/iesguindavols\/wp-json\/wp\/v2\/comments?post=66432"}],"version-history":[{"count":1,"href":"https:\/\/agora.xtec.cat\/iesguindavols\/wp-json\/wp\/v2\/posts\/66432\/revisions"}],"predecessor-version":[{"id":66434,"href":"https:\/\/agora.xtec.cat\/iesguindavols\/wp-json\/wp\/v2\/posts\/66432\/revisions\/66434"}],"wp:featuredmedia":[{"embeddable":true,"href":"https:\/\/agora.xtec.cat\/iesguindavols\/wp-json\/wp\/v2\/media\/66433"}],"wp:attachment":[{"href":"https:\/\/agora.xtec.cat\/iesguindavols\/wp-json\/wp\/v2\/media?parent=66432"}],"wp:term":[{"taxonomy":"category","embeddable":true,"href":"https:\/\/agora.xtec.cat\/iesguindavols\/wp-json\/wp\/v2\/categories?post=66432"},{"taxonomy":"post_tag","embeddable":true,"href":"https:\/\/agora.xtec.cat\/iesguindavols\/wp-json\/wp\/v2\/tags?post=66432"}],"curies":[{"name":"wp","href":"https:\/\/api.w.org\/{rel}","templated":true}]}}