{"id":66050,"date":"2022-09-22T11:55:43","date_gmt":"2022-09-22T09:55:43","guid":{"rendered":"https:\/\/agora.xtec.cat\/iesguindavols\/?p=66050"},"modified":"2023-04-12T13:08:56","modified_gmt":"2023-04-12T11:08:56","slug":"metrominute-eramus-smart-mobiliy-2-0","status":"publish","type":"post","link":"https:\/\/agora.xtec.cat\/iesguindavols\/erasmus\/metrominute-eramus-smart-mobiliy-2-0\/","title":{"rendered":"Metrominute Eramus+ Smart Mobiliy 2.0"},"content":{"rendered":"<p><a href=\"https:\/\/agora.xtec.cat\/iesguindavols\/wp-content\/uploads\/usu2923\/2023\/03\/Captura-de-pantalla-2023-03-24-100927.png\"><img loading=\"lazy\" decoding=\"async\" class=\"alignnone size-large wp-image-66047\" src=\"https:\/\/agora.xtec.cat\/iesguindavols\/wp-content\/uploads\/usu2923\/2023\/03\/Captura-de-pantalla-2023-03-24-100927-1024x476.png\" alt=\"\" width=\"1024\" height=\"476\" srcset=\"https:\/\/agora.xtec.cat\/iesguindavols\/wp-content\/uploads\/usu2923\/2023\/03\/Captura-de-pantalla-2023-03-24-100927-1024x476.png 1024w, https:\/\/agora.xtec.cat\/iesguindavols\/wp-content\/uploads\/usu2923\/2023\/03\/Captura-de-pantalla-2023-03-24-100927-300x139.png 300w, https:\/\/agora.xtec.cat\/iesguindavols\/wp-content\/uploads\/usu2923\/2023\/03\/Captura-de-pantalla-2023-03-24-100927-768x357.png 768w, https:\/\/agora.xtec.cat\/iesguindavols\/wp-content\/uploads\/usu2923\/2023\/03\/Captura-de-pantalla-2023-03-24-100927.png 1093w\" sizes=\"auto, (max-width: 1024px) 100vw, 1024px\" \/><\/a><\/p>\n<p>Dijous 22 el regidor de Mobilitat i Serveis Urbans, Joan Ramon Castro, ens va visitar per a presentar l\u2019esborrany del pl\u00e0nol Metrominute de la ciutat de Lleida basat en la proposta feta per l\u2019alumnat dins les activitats sobre mobilitat del projecte Erasmus+ Smart Mobility 2.0<\/p>\n<p>El Metrominute \u00e9s la denominaci\u00f3 d\u2019un mapa o pl\u00e0nol sin\u00f2ptic que mesura les dist\u00e0ncies entre diversos punts d\u2019una ciutat i els temps mitjans que es tarda a despla\u00e7ar-se entre ells a peu. Es tracta, per tant, d\u2019un element promocional sobre l\u2019h\u00e0bit de caminar, que posa en valor els despla\u00e7aments a peu, especialment al medi urb\u00e0.<\/p>\n<p>El passat m\u00e9s de maig a Pozzallo (Sic\u00edlia) dins de les mobilitats del programa europeu l\u2019alumnat del centre va presentar l\u2019esborrany de Metrominute a la resta de centres de les ciutats participants (Riga-Litu\u00e0nia, Heidenheim-Alemanya, Bucarest-Romania i Pozzallo-It\u00e0lia) .<\/p>\n<p>La presentaci\u00f3 de l\u2019esborrany de Metrominute de la Paeria va ser difosa dins l\u2019edici\u00f3 del Diari Segre que adjuntem.<\/p>\n<p><a href=\"https:\/\/agora.xtec.cat\/iesguindavols\/wp-content\/uploads\/usu2923\/2023\/03\/Erasmus.png\"><img loading=\"lazy\" decoding=\"async\" class=\"alignnone size-large wp-image-66051\" src=\"https:\/\/agora.xtec.cat\/iesguindavols\/wp-content\/uploads\/usu2923\/2023\/03\/Erasmus-1024x574.png\" alt=\"\" width=\"1024\" height=\"574\" srcset=\"https:\/\/agora.xtec.cat\/iesguindavols\/wp-content\/uploads\/usu2923\/2023\/03\/Erasmus-1024x574.png 1024w, https:\/\/agora.xtec.cat\/iesguindavols\/wp-content\/uploads\/usu2923\/2023\/03\/Erasmus-300x168.png 300w, https:\/\/agora.xtec.cat\/iesguindavols\/wp-content\/uploads\/usu2923\/2023\/03\/Erasmus-768x430.png 768w, https:\/\/agora.xtec.cat\/iesguindavols\/wp-content\/uploads\/usu2923\/2023\/03\/Erasmus.png 1058w\" sizes=\"auto, (max-width: 1024px) 100vw, 1024px\" \/><\/a><\/p>\n<figure class=\"wp-block-image\"><figcaption>Els alumnes que van fer la proposat s\u00f3n el Joan Pardell i el Jaume Morer de 2n de Batxillerat<a href=\"https:\/\/agora.xtec.cat\/iesguindavols\/wp-content\/uploads\/usu2923\/2023\/03\/Erasmus-2.png\"><img loading=\"lazy\" decoding=\"async\" class=\"alignnone size-large wp-image-66052\" src=\"https:\/\/agora.xtec.cat\/iesguindavols\/wp-content\/uploads\/usu2923\/2023\/03\/Erasmus-2-1024x574.png\" alt=\"\" width=\"1024\" height=\"574\" srcset=\"https:\/\/agora.xtec.cat\/iesguindavols\/wp-content\/uploads\/usu2923\/2023\/03\/Erasmus-2-1024x574.png 1024w, https:\/\/agora.xtec.cat\/iesguindavols\/wp-content\/uploads\/usu2923\/2023\/03\/Erasmus-2-300x168.png 300w, https:\/\/agora.xtec.cat\/iesguindavols\/wp-content\/uploads\/usu2923\/2023\/03\/Erasmus-2-768x431.png 768w, https:\/\/agora.xtec.cat\/iesguindavols\/wp-content\/uploads\/usu2923\/2023\/03\/Erasmus-2.png 1054w\" sizes=\"auto, (max-width: 1024px) 100vw, 1024px\" \/><\/a><br \/>\n<a href=\"https:\/\/agora.xtec.cat\/iesguindavols\/wp-content\/uploads\/usu2923\/2023\/03\/Erasmus-3.png\"><img loading=\"lazy\" decoding=\"async\" class=\"alignnone size-full wp-image-66053\" src=\"https:\/\/agora.xtec.cat\/iesguindavols\/wp-content\/uploads\/usu2923\/2023\/03\/Erasmus-3.png\" alt=\"\" width=\"585\" height=\"704\" srcset=\"https:\/\/agora.xtec.cat\/iesguindavols\/wp-content\/uploads\/usu2923\/2023\/03\/Erasmus-3.png 585w, https:\/\/agora.xtec.cat\/iesguindavols\/wp-content\/uploads\/usu2923\/2023\/03\/Erasmus-3-249x300.png 249w\" sizes=\"auto, (max-width: 585px) 100vw, 585px\" \/><\/a><br \/>\n<a href=\"https:\/\/agora.xtec.cat\/iesguindavols\/wp-content\/uploads\/usu2923\/2023\/03\/Erasmus-4.png\"><img loading=\"lazy\" decoding=\"async\" class=\"alignnone size-full wp-image-66054\" src=\"https:\/\/agora.xtec.cat\/iesguindavols\/wp-content\/uploads\/usu2923\/2023\/03\/Erasmus-4.png\" alt=\"\" width=\"589\" height=\"789\" srcset=\"https:\/\/agora.xtec.cat\/iesguindavols\/wp-content\/uploads\/usu2923\/2023\/03\/Erasmus-4.png 589w, https:\/\/agora.xtec.cat\/iesguindavols\/wp-content\/uploads\/usu2923\/2023\/03\/Erasmus-4-224x300.png 224w\" sizes=\"auto, (max-width: 589px) 100vw, 589px\" \/><\/a><\/figcaption><\/figure>\n","protected":false},"excerpt":{"rendered":"<p><a href=\"https:\/\/agora.xtec.cat\/iesguindavols\/wp-content\/uploads\/usu2923\/2023\/03\/Captura-de-pantalla-2023-03-24-100927.png\"><\/a><br \/>\nDijous 22 el regidor de Mobilitat i Serveis Urbans, Joan Ramon Castro, ens va visitar per a presentar l\u2019esborrany del pl\u00e0nol Metrominute de la ciutat de Lleida basat en la proposta feta per l\u2019alumnat dins les activitats sobre mobilitat del projecte Erasmus+ Smart Mobility&hellip;  <a href=\"https:\/\/agora.xtec.cat\/iesguindavols\/erasmus\/metrominute-eramus-smart-mobiliy-2-0\/\" title=\"Read Metrominute Eramus+ Smart Mobiliy 2.0\">Llegeix m\u00e9s\u00bb<\/a><\/p>\n","protected":false},"author":6,"featured_media":66047,"comment_status":"open","ping_status":"closed","sticky":false,"template":"","format":"standard","meta":{"_bbp_topic_count":0,"_bbp_reply_count":0,"_bbp_total_topic_count":0,"_bbp_total_reply_count":0,"_bbp_voice_count":0,"_bbp_anonymous_reply_count":0,"_bbp_topic_count_hidden":0,"_bbp_reply_count_hidden":0,"_bbp_forum_subforum_count":0,"footnotes":""},"categories":[281],"tags":[],"class_list":["post-66050","post","type-post","status-publish","format-standard","has-post-thumbnail","hentry","category-erasmus"],"post_mailing_queue_ids":[],"_links":{"self":[{"href":"https:\/\/agora.xtec.cat\/iesguindavols\/wp-json\/wp\/v2\/posts\/66050","targetHints":{"allow":["GET"]}}],"collection":[{"href":"https:\/\/agora.xtec.cat\/iesguindavols\/wp-json\/wp\/v2\/posts"}],"about":[{"href":"https:\/\/agora.xtec.cat\/iesguindavols\/wp-json\/wp\/v2\/types\/post"}],"author":[{"embeddable":true,"href":"https:\/\/agora.xtec.cat\/iesguindavols\/wp-json\/wp\/v2\/users\/6"}],"replies":[{"embeddable":true,"href":"https:\/\/agora.xtec.cat\/iesguindavols\/wp-json\/wp\/v2\/comments?post=66050"}],"version-history":[{"count":3,"href":"https:\/\/agora.xtec.cat\/iesguindavols\/wp-json\/wp\/v2\/posts\/66050\/revisions"}],"predecessor-version":[{"id":66183,"href":"https:\/\/agora.xtec.cat\/iesguindavols\/wp-json\/wp\/v2\/posts\/66050\/revisions\/66183"}],"wp:featuredmedia":[{"embeddable":true,"href":"https:\/\/agora.xtec.cat\/iesguindavols\/wp-json\/wp\/v2\/media\/66047"}],"wp:attachment":[{"href":"https:\/\/agora.xtec.cat\/iesguindavols\/wp-json\/wp\/v2\/media?parent=66050"}],"wp:term":[{"taxonomy":"category","embeddable":true,"href":"https:\/\/agora.xtec.cat\/iesguindavols\/wp-json\/wp\/v2\/categories?post=66050"},{"taxonomy":"post_tag","embeddable":true,"href":"https:\/\/agora.xtec.cat\/iesguindavols\/wp-json\/wp\/v2\/tags?post=66050"}],"curies":[{"name":"wp","href":"https:\/\/api.w.org\/{rel}","templated":true}]}}