{"id":65399,"date":"2022-11-27T18:41:19","date_gmt":"2022-11-27T17:41:19","guid":{"rendered":"https:\/\/agora.xtec.cat\/iesguindavols\/?p=65399"},"modified":"2023-02-08T16:59:59","modified_gmt":"2023-02-08T15:59:59","slug":"observacio-astronomica-del-cel-de-tardor","status":"publish","type":"post","link":"https:\/\/agora.xtec.cat\/iesguindavols\/general\/observacio-astronomica-del-cel-de-tardor\/","title":{"rendered":"OBSERVACI\u00d3 ASTRON\u00d2MICA DEL CEL DE TARDOR"},"content":{"rendered":"\r\n<p>El dijous 17 de novembre, el departament de Ci\u00e8ncies Experimentals, en el Marc de la Setmana de la Ci\u00e8ncia, va organitzar una observaci\u00f3 astron\u00f2mica amb telescopi des del pati de l\u2019 institut, adre\u00e7ada a tota la comunitat educativa del centre.<\/p>\r\n\r\n\r\n\r\n<p>Malgrat que les condicions atmosf\u00e8riques no eren les m\u00e9s adients per dur a terme l\u2019activitat, es van poder observar\u00a0 amb \u00e8xit els planetes J\u00fapiter, amb\u00a0 els seus 4 sat\u00e8l\u00b7lits galileans, aix\u00f2 com tamb\u00e9 Saturn.<\/p>\r\n\r\n\r\n\r\n<p>Participar en una observaci\u00f3 astron\u00f2mica com aquesta \u00e9s una manera l\u00fadica d\u2019iniciar-se en l\u2019astronomia i potenciar vocacions cient\u00edfiques en el jovent.<\/p>\r\n\r\n\r\n\r\n<p>Les explicacions de la sessi\u00f3 van ser impartides pel \u00a0professor Anicet Cosialls. La fotografia de J\u00fapiter es obra de la professora Olga Sanfeliu.<\/p>\r\n\r\n\r\n\r\n<p>Estan previstes m\u00e9s observacions. Ja us mantindrem informats.<\/p>\r\n\r\n\r\n\r\n<figure class=\"wp-block-image\"><img decoding=\"async\" class=\"wp-image-66696\" src=\"https:\/\/portal.institutguindavols.cat\/wp-content\/uploads\/IMG-20221117-WA0008-1024x576.jpg\" alt=\"\" \/><\/figure>\r\n","protected":false},"excerpt":{"rendered":"<p>El dijous 17 de novembre, el departament de Ci\u00e8ncies Experimentals, en el Marc de la Setmana de la Ci\u00e8ncia, va organitzar una observaci\u00f3 astron\u00f2mica amb telescopi des del pati de l\u2019 institut, adre\u00e7ada a tota la comunitat educativa del centre.<\/p>\n<p>Malgrat que les condicions atmosf\u00e8riques no&hellip;  <a href=\"https:\/\/agora.xtec.cat\/iesguindavols\/general\/observacio-astronomica-del-cel-de-tardor\/\" title=\"Read OBSERVACI\u00d3 ASTRON\u00d2MICA DEL CEL DE TARDOR\">Llegeix m\u00e9s\u00bb<\/a><\/p>\n","protected":false},"author":6,"featured_media":65401,"comment_status":"open","ping_status":"closed","sticky":false,"template":"","format":"standard","meta":{"_bbp_topic_count":0,"_bbp_reply_count":0,"_bbp_total_topic_count":0,"_bbp_total_reply_count":0,"_bbp_voice_count":0,"_bbp_anonymous_reply_count":0,"_bbp_topic_count_hidden":0,"_bbp_reply_count_hidden":0,"_bbp_forum_subforum_count":0,"footnotes":""},"categories":[1],"tags":[154,155,118,214],"class_list":["post-65399","post","type-post","status-publish","format-standard","has-post-thumbnail","hentry","category-general","tag-batxillerat","tag-eso","tag-fisica","tag-setmana-de-la-ciencia"],"post_mailing_queue_ids":[],"_links":{"self":[{"href":"https:\/\/agora.xtec.cat\/iesguindavols\/wp-json\/wp\/v2\/posts\/65399","targetHints":{"allow":["GET"]}}],"collection":[{"href":"https:\/\/agora.xtec.cat\/iesguindavols\/wp-json\/wp\/v2\/posts"}],"about":[{"href":"https:\/\/agora.xtec.cat\/iesguindavols\/wp-json\/wp\/v2\/types\/post"}],"author":[{"embeddable":true,"href":"https:\/\/agora.xtec.cat\/iesguindavols\/wp-json\/wp\/v2\/users\/6"}],"replies":[{"embeddable":true,"href":"https:\/\/agora.xtec.cat\/iesguindavols\/wp-json\/wp\/v2\/comments?post=65399"}],"version-history":[{"count":3,"href":"https:\/\/agora.xtec.cat\/iesguindavols\/wp-json\/wp\/v2\/posts\/65399\/revisions"}],"predecessor-version":[{"id":65582,"href":"https:\/\/agora.xtec.cat\/iesguindavols\/wp-json\/wp\/v2\/posts\/65399\/revisions\/65582"}],"wp:featuredmedia":[{"embeddable":true,"href":"https:\/\/agora.xtec.cat\/iesguindavols\/wp-json\/wp\/v2\/media\/65401"}],"wp:attachment":[{"href":"https:\/\/agora.xtec.cat\/iesguindavols\/wp-json\/wp\/v2\/media?parent=65399"}],"wp:term":[{"taxonomy":"category","embeddable":true,"href":"https:\/\/agora.xtec.cat\/iesguindavols\/wp-json\/wp\/v2\/categories?post=65399"},{"taxonomy":"post_tag","embeddable":true,"href":"https:\/\/agora.xtec.cat\/iesguindavols\/wp-json\/wp\/v2\/tags?post=65399"}],"curies":[{"name":"wp","href":"https:\/\/api.w.org\/{rel}","templated":true}]}}