{"id":65232,"date":"2022-11-09T14:21:29","date_gmt":"2022-11-09T13:21:29","guid":{"rendered":"https:\/\/agora.xtec.cat\/iesguindavols\/?p=65232"},"modified":"2022-11-09T14:22:10","modified_gmt":"2022-11-09T13:22:10","slug":"guindavolsreport","status":"publish","type":"post","link":"https:\/\/agora.xtec.cat\/iesguindavols\/general\/guindavolsreport\/","title":{"rendered":"Guind\u00e0volsReport"},"content":{"rendered":"<p>Aquesta \u00e9s la nostra nova revista: Guind\u00e0volsReport. Es tracta d\u2019una publicaci\u00f3 digital elaborada per l\u2019alumnat de 2n d\u2019ESO i en la qual tractaran temes relatius al centre, a la ciutat i tamb\u00e9 al pa\u00eds i internacionals.<\/p>\n<p>Aquesta publicaci\u00f3 forma part del projecte RED (Revista Escolar Digital) i ha estat possible gr\u00e0cies a una beca RED SM\/Cru\u00eflla 2022-2024. Formen part d\u2019aquest projecte 100 centres provinents de diferents llocs de Catalunya, d\u2019Espanya, d\u2019Andorra i, fins i tot, de Bol\u00edvia.<\/p>\n<p>Si en voleu saber m\u00e9s, aqu\u00ed teniu l\u2019enlla\u00e7 de la not\u00edcia publicada : <a href=\"https:\/\/junior-report.media\/ca\/linstitut-guindavols-estrena-nova-revista-gracies-a-la-beca-red-sm-cruilla\">https:\/\/junior-report.media\/ca\/linstitut-guindavols-estrena-nova-revista-gracies-a-la-beca-red-sm-cruilla<\/a><a href=\"https:\/\/junior-report.media\/ca\/linstitut-guindavols-estrena-nova-revista-gracies-a-la-beca-red-sm-cruilla\/\">\/<\/a><\/p>\n<figure class=\"figure wp-caption alignnone\"><a href=\"https:\/\/agora.xtec.cat\/iesguindavols\/wp-content\/uploads\/usu2923\/2022\/11\/Copia-de-1664552335850-1024x575-1.jpg\"><img loading=\"lazy\" decoding=\"async\" class=\"size-full wp-image-65234\" src=\"https:\/\/agora.xtec.cat\/iesguindavols\/wp-content\/uploads\/usu2923\/2022\/11\/Copia-de-1664552335850-1024x575-1.jpg\" alt=\"Maria Casas, la nostra periodista de refer\u00e8ncia, fent la primera sessi\u00f3 informativa\" width=\"1024\" height=\"575\" srcset=\"https:\/\/agora.xtec.cat\/iesguindavols\/wp-content\/uploads\/usu2923\/2022\/11\/Copia-de-1664552335850-1024x575-1.jpg 1024w, https:\/\/agora.xtec.cat\/iesguindavols\/wp-content\/uploads\/usu2923\/2022\/11\/Copia-de-1664552335850-1024x575-1-300x168.jpg 300w, https:\/\/agora.xtec.cat\/iesguindavols\/wp-content\/uploads\/usu2923\/2022\/11\/Copia-de-1664552335850-1024x575-1-768x431.jpg 768w\" sizes=\"auto, (max-width: 1024px) 100vw, 1024px\" \/><\/a><figcaption class=\"wp-caption-text\">Maria Casas, la nostra periodista de refer\u00e8ncia, fent la primera sessi\u00f3 informativa<\/figcaption><\/figure>\n<p><a href=\"https:\/\/agora.xtec.cat\/iesguindavols\/wp-content\/uploads\/usu2923\/2022\/11\/Copia-de-1664552289008-1024x575-1.jpg\"><img loading=\"lazy\" decoding=\"async\" class=\"alignnone size-full wp-image-65233\" src=\"https:\/\/agora.xtec.cat\/iesguindavols\/wp-content\/uploads\/usu2923\/2022\/11\/Copia-de-1664552289008-1024x575-1.jpg\" alt=\"\" width=\"1024\" height=\"575\" srcset=\"https:\/\/agora.xtec.cat\/iesguindavols\/wp-content\/uploads\/usu2923\/2022\/11\/Copia-de-1664552289008-1024x575-1.jpg 1024w, https:\/\/agora.xtec.cat\/iesguindavols\/wp-content\/uploads\/usu2923\/2022\/11\/Copia-de-1664552289008-1024x575-1-300x168.jpg 300w, https:\/\/agora.xtec.cat\/iesguindavols\/wp-content\/uploads\/usu2923\/2022\/11\/Copia-de-1664552289008-1024x575-1-768x431.jpg 768w\" sizes=\"auto, (max-width: 1024px) 100vw, 1024px\" \/><\/a><\/p>\n","protected":false},"excerpt":{"rendered":"<p>Aquesta \u00e9s la nostra nova revista: Guind\u00e0volsReport. Es tracta d\u2019una publicaci\u00f3 digital elaborada per l\u2019alumnat de 2n d\u2019ESO i en la qual tractaran temes relatius al centre, a la ciutat i tamb\u00e9 al pa\u00eds i internacionals.<br \/>\nAquesta publicaci\u00f3 forma part del projecte RED (Revista Escolar Digital)&hellip;  <a href=\"https:\/\/agora.xtec.cat\/iesguindavols\/general\/guindavolsreport\/\" title=\"Read Guind\u00e0volsReport\">Llegeix m\u00e9s\u00bb<\/a><\/p>\n","protected":false},"author":6,"featured_media":65234,"comment_status":"open","ping_status":"closed","sticky":false,"template":"","format":"standard","meta":{"_bbp_topic_count":0,"_bbp_reply_count":0,"_bbp_total_topic_count":0,"_bbp_total_reply_count":0,"_bbp_voice_count":0,"_bbp_anonymous_reply_count":0,"_bbp_topic_count_hidden":0,"_bbp_reply_count_hidden":0,"_bbp_forum_subforum_count":0,"footnotes":""},"categories":[1,143],"tags":[],"class_list":["post-65232","post","type-post","status-publish","format-standard","has-post-thumbnail","hentry","category-general","category-noticies"],"post_mailing_queue_ids":[],"_links":{"self":[{"href":"https:\/\/agora.xtec.cat\/iesguindavols\/wp-json\/wp\/v2\/posts\/65232","targetHints":{"allow":["GET"]}}],"collection":[{"href":"https:\/\/agora.xtec.cat\/iesguindavols\/wp-json\/wp\/v2\/posts"}],"about":[{"href":"https:\/\/agora.xtec.cat\/iesguindavols\/wp-json\/wp\/v2\/types\/post"}],"author":[{"embeddable":true,"href":"https:\/\/agora.xtec.cat\/iesguindavols\/wp-json\/wp\/v2\/users\/6"}],"replies":[{"embeddable":true,"href":"https:\/\/agora.xtec.cat\/iesguindavols\/wp-json\/wp\/v2\/comments?post=65232"}],"version-history":[{"count":1,"href":"https:\/\/agora.xtec.cat\/iesguindavols\/wp-json\/wp\/v2\/posts\/65232\/revisions"}],"predecessor-version":[{"id":65235,"href":"https:\/\/agora.xtec.cat\/iesguindavols\/wp-json\/wp\/v2\/posts\/65232\/revisions\/65235"}],"wp:featuredmedia":[{"embeddable":true,"href":"https:\/\/agora.xtec.cat\/iesguindavols\/wp-json\/wp\/v2\/media\/65234"}],"wp:attachment":[{"href":"https:\/\/agora.xtec.cat\/iesguindavols\/wp-json\/wp\/v2\/media?parent=65232"}],"wp:term":[{"taxonomy":"category","embeddable":true,"href":"https:\/\/agora.xtec.cat\/iesguindavols\/wp-json\/wp\/v2\/categories?post=65232"},{"taxonomy":"post_tag","embeddable":true,"href":"https:\/\/agora.xtec.cat\/iesguindavols\/wp-json\/wp\/v2\/tags?post=65232"}],"curies":[{"name":"wp","href":"https:\/\/api.w.org\/{rel}","templated":true}]}}