{"id":65195,"date":"2022-05-13T11:40:15","date_gmt":"2022-05-13T09:40:15","guid":{"rendered":"https:\/\/agora.xtec.cat\/iesguindavols\/?p=65195"},"modified":"2023-06-21T11:41:26","modified_gmt":"2023-06-21T09:41:26","slug":"mercat-de-tecnologia-2022","status":"publish","type":"post","link":"https:\/\/agora.xtec.cat\/iesguindavols\/general\/mercat-de-tecnologia-2022\/","title":{"rendered":"Mercat de tecnologia 2022"},"content":{"rendered":"<p><a href=\"https:\/\/agora.xtec.cat\/iesguindavols\/wp-content\/uploads\/usu2923\/2022\/05\/WhatsApp-Image-2022-05-14-at-01.18.25-3.jpeg\"><img loading=\"lazy\" decoding=\"async\" class=\"alignnone wp-image-65202\" src=\"https:\/\/agora.xtec.cat\/iesguindavols\/wp-content\/uploads\/usu2923\/2022\/05\/WhatsApp-Image-2022-05-14-at-01.18.25-3-1024x808.jpeg\" alt=\"\" width=\"309\" height=\"244\" srcset=\"https:\/\/agora.xtec.cat\/iesguindavols\/wp-content\/uploads\/usu2923\/2022\/05\/WhatsApp-Image-2022-05-14-at-01.18.25-3-1024x808.jpeg 1024w, https:\/\/agora.xtec.cat\/iesguindavols\/wp-content\/uploads\/usu2923\/2022\/05\/WhatsApp-Image-2022-05-14-at-01.18.25-3-300x237.jpeg 300w, https:\/\/agora.xtec.cat\/iesguindavols\/wp-content\/uploads\/usu2923\/2022\/05\/WhatsApp-Image-2022-05-14-at-01.18.25-3-768x606.jpeg 768w, https:\/\/agora.xtec.cat\/iesguindavols\/wp-content\/uploads\/usu2923\/2022\/05\/WhatsApp-Image-2022-05-14-at-01.18.25-3.jpeg 1440w\" sizes=\"auto, (max-width: 309px) 100vw, 309px\" \/><\/a> <a href=\"https:\/\/agora.xtec.cat\/iesguindavols\/wp-content\/uploads\/usu2923\/2022\/05\/WhatsApp-Image-2022-05-14-at-01.21.25.jpeg\"><img loading=\"lazy\" decoding=\"async\" class=\"alignnone wp-image-65200\" src=\"https:\/\/agora.xtec.cat\/iesguindavols\/wp-content\/uploads\/usu2923\/2022\/05\/WhatsApp-Image-2022-05-14-at-01.21.25-1024x808.jpeg\" alt=\"\" width=\"306\" height=\"242\" srcset=\"https:\/\/agora.xtec.cat\/iesguindavols\/wp-content\/uploads\/usu2923\/2022\/05\/WhatsApp-Image-2022-05-14-at-01.21.25-1024x808.jpeg 1024w, https:\/\/agora.xtec.cat\/iesguindavols\/wp-content\/uploads\/usu2923\/2022\/05\/WhatsApp-Image-2022-05-14-at-01.21.25-300x237.jpeg 300w, https:\/\/agora.xtec.cat\/iesguindavols\/wp-content\/uploads\/usu2923\/2022\/05\/WhatsApp-Image-2022-05-14-at-01.21.25-768x606.jpeg 768w, https:\/\/agora.xtec.cat\/iesguindavols\/wp-content\/uploads\/usu2923\/2022\/05\/WhatsApp-Image-2022-05-14-at-01.21.25.jpeg 1440w\" sizes=\"auto, (max-width: 306px) 100vw, 306px\" \/><\/a> <a href=\"https:\/\/agora.xtec.cat\/iesguindavols\/wp-content\/uploads\/usu2923\/2022\/05\/WhatsApp-Image-2022-05-14-at-01.18.25.jpeg\"><img loading=\"lazy\" decoding=\"async\" class=\"alignnone wp-image-65199\" src=\"https:\/\/agora.xtec.cat\/iesguindavols\/wp-content\/uploads\/usu2923\/2022\/05\/WhatsApp-Image-2022-05-14-at-01.18.25-1024x807.jpeg\" alt=\"\" width=\"308\" height=\"243\" srcset=\"https:\/\/agora.xtec.cat\/iesguindavols\/wp-content\/uploads\/usu2923\/2022\/05\/WhatsApp-Image-2022-05-14-at-01.18.25-1024x807.jpeg 1024w, https:\/\/agora.xtec.cat\/iesguindavols\/wp-content\/uploads\/usu2923\/2022\/05\/WhatsApp-Image-2022-05-14-at-01.18.25-300x236.jpeg 300w, https:\/\/agora.xtec.cat\/iesguindavols\/wp-content\/uploads\/usu2923\/2022\/05\/WhatsApp-Image-2022-05-14-at-01.18.25-768x605.jpeg 768w, https:\/\/agora.xtec.cat\/iesguindavols\/wp-content\/uploads\/usu2923\/2022\/05\/WhatsApp-Image-2022-05-14-at-01.18.25.jpeg 1440w\" sizes=\"auto, (max-width: 308px) 100vw, 308px\" \/><\/a> <a href=\"https:\/\/agora.xtec.cat\/iesguindavols\/wp-content\/uploads\/usu2923\/2022\/05\/WhatsApp-Image-2022-05-14-at-01.18.25-1.jpeg\"><img loading=\"lazy\" decoding=\"async\" class=\"alignnone wp-image-65198\" src=\"https:\/\/agora.xtec.cat\/iesguindavols\/wp-content\/uploads\/usu2923\/2022\/05\/WhatsApp-Image-2022-05-14-at-01.18.25-1-1024x807.jpeg\" alt=\"\" width=\"309\" height=\"243\" srcset=\"https:\/\/agora.xtec.cat\/iesguindavols\/wp-content\/uploads\/usu2923\/2022\/05\/WhatsApp-Image-2022-05-14-at-01.18.25-1-1024x807.jpeg 1024w, https:\/\/agora.xtec.cat\/iesguindavols\/wp-content\/uploads\/usu2923\/2022\/05\/WhatsApp-Image-2022-05-14-at-01.18.25-1-300x236.jpeg 300w, https:\/\/agora.xtec.cat\/iesguindavols\/wp-content\/uploads\/usu2923\/2022\/05\/WhatsApp-Image-2022-05-14-at-01.18.25-1-768x605.jpeg 768w, https:\/\/agora.xtec.cat\/iesguindavols\/wp-content\/uploads\/usu2923\/2022\/05\/WhatsApp-Image-2022-05-14-at-01.18.25-1.jpeg 1440w\" sizes=\"auto, (max-width: 309px) 100vw, 309px\" \/><\/a><\/p>\n<p>Un any m\u00e9s hem pogut gaudir d\u2019una jornada del Mercat de Tecnologia organitzat per ICE-UdL.<\/p>\n<p>46 projectes de diversos centres ens han demostrat, un cop m\u00e9s, l\u2019imprescindible que resulta la tecnologia per l\u2019aprenentatge del nostre alumnat i el progr\u00e9s de la nostra societat.<\/p>\n<p>Alumnes des de 1r d\u2019ESO fins a 2n de Batxillerat han mostrat una bona diversitat de projectes a unes 300 persones en format presencial i unes altres 1000 telem\u00e0ticament. Els que han presentat s\u00f3n els seg\u00fcents:<\/p>\n<ul>\n<li>jocs coneguts per l\u2019aprenentatge de les eines de 1r d\u2019ESO:\n<ul>\n<li>\u00a0OCA DE LES EINES DEL TALLER DE TECNOLOGIA: Anna Maria Pag\u00e0 Polo, Aran Rho Ribas, Chloe Pi\u00f1ol Fuentes.<\/li>\n<li>MEMORY DE LES EINES DEL TALLER DE TECNOLOGIA: Alexia Caltunoi, Lucia Claros Rivera, Berta Farr\u00e9 Durany<\/li>\n<li>\u00a0EL PICTUREKA DE LES EINES DEL TALLER DE<br \/>\nTECNOLOGIA: Yanay Acosta Vaquera, Martina Cugota Abadia, Frank Djiemani Tchanko<\/li>\n<\/ul>\n<\/li>\n<\/ul>\n<ul>\n<li>robots dissenyats i programats amb Lego Mindstorms de 2n d\u2019ESO:\n<ul>\n<li>\u00a0GUINDAROBOTIX: Laura Kiss, Pau Alfaro, Souhail, Mohamed Boulhani Inssi, John Llad\u00f3.<\/li>\n<\/ul>\n<\/li>\n<\/ul>\n<ul>\n<li>el projecte CANSAT al qual s\u2019ha presentat el nostre equip GuinSat de 1r de Batxillerat:\n<ul>\n<li>Gemma Cugota, Duna Ibars, Joan Pardell, Marzio Vultaggio, Jaume Morer, Miguel Mu\u00f1oz.<\/li>\n<\/ul>\n<\/li>\n<\/ul>\n<ul>\n<li>una CNC per fer gravats mitjan\u00e7ant una dremel i controlada amb Arduino (TdR de 2n de Batxillerat) de l\u2019Andreu Bis\u00fas.<\/li>\n<\/ul>\n<p>Per fer la jornada encara m\u00e9s fascinant, l\u2019astrof\u00edsic Joan Anton Catal\u00e0 ens ha ofert una confer\u00e8ncia amb el t\u00edtol \u201cMart, la seg\u00fcent frontera de la tecnologia\u201d.<\/p>\n","protected":false},"excerpt":{"rendered":"<p><a href=\"https:\/\/agora.xtec.cat\/iesguindavols\/wp-content\/uploads\/usu2923\/2022\/05\/WhatsApp-Image-2022-05-14-at-01.18.25-3.jpeg\"><\/a> <a href=\"https:\/\/agora.xtec.cat\/iesguindavols\/wp-content\/uploads\/usu2923\/2022\/05\/WhatsApp-Image-2022-05-14-at-01.21.25.jpeg\"><\/a> <a href=\"https:\/\/agora.xtec.cat\/iesguindavols\/wp-content\/uploads\/usu2923\/2022\/05\/WhatsApp-Image-2022-05-14-at-01.18.25.jpeg\"><\/a> <a href=\"https:\/\/agora.xtec.cat\/iesguindavols\/wp-content\/uploads\/usu2923\/2022\/05\/WhatsApp-Image-2022-05-14-at-01.18.25-1.jpeg\"><\/a><br \/>\nUn any m\u00e9s hem pogut gaudir d\u2019una jornada del Mercat de Tecnologia organitzat per ICE-UdL.<br \/>\n46 projectes de diversos centres ens han demostrat, un cop m\u00e9s, l\u2019imprescindible que resulta la tecnologia per l\u2019aprenentatge del nostre alumnat i el progr\u00e9s&hellip;  <a href=\"https:\/\/agora.xtec.cat\/iesguindavols\/general\/mercat-de-tecnologia-2022\/\" title=\"Read Mercat de tecnologia 2022\">Llegeix m\u00e9s\u00bb<\/a><\/p>\n","protected":false},"author":9,"featured_media":65197,"comment_status":"open","ping_status":"closed","sticky":false,"template":"","format":"standard","meta":{"_bbp_topic_count":0,"_bbp_reply_count":0,"_bbp_total_topic_count":0,"_bbp_total_reply_count":0,"_bbp_voice_count":0,"_bbp_anonymous_reply_count":0,"_bbp_topic_count_hidden":0,"_bbp_reply_count_hidden":0,"_bbp_forum_subforum_count":0,"footnotes":""},"categories":[109,8,1,150,168,169],"tags":[296,294,295,291,139],"class_list":["post-65195","post","type-post","status-publish","format-standard","has-post-thumbnail","hentry","category-activitats","category-batxillerat","category-general","category-projectes","category-robotica","category-tecnologia","tag-educacio","tag-mercatdetecnologia","tag-mercatec","tag-steam","tag-tecnologia"],"post_mailing_queue_ids":[],"_links":{"self":[{"href":"https:\/\/agora.xtec.cat\/iesguindavols\/wp-json\/wp\/v2\/posts\/65195","targetHints":{"allow":["GET"]}}],"collection":[{"href":"https:\/\/agora.xtec.cat\/iesguindavols\/wp-json\/wp\/v2\/posts"}],"about":[{"href":"https:\/\/agora.xtec.cat\/iesguindavols\/wp-json\/wp\/v2\/types\/post"}],"author":[{"embeddable":true,"href":"https:\/\/agora.xtec.cat\/iesguindavols\/wp-json\/wp\/v2\/users\/9"}],"replies":[{"embeddable":true,"href":"https:\/\/agora.xtec.cat\/iesguindavols\/wp-json\/wp\/v2\/comments?post=65195"}],"version-history":[{"count":3,"href":"https:\/\/agora.xtec.cat\/iesguindavols\/wp-json\/wp\/v2\/posts\/65195\/revisions"}],"predecessor-version":[{"id":65204,"href":"https:\/\/agora.xtec.cat\/iesguindavols\/wp-json\/wp\/v2\/posts\/65195\/revisions\/65204"}],"wp:featuredmedia":[{"embeddable":true,"href":"https:\/\/agora.xtec.cat\/iesguindavols\/wp-json\/wp\/v2\/media\/65197"}],"wp:attachment":[{"href":"https:\/\/agora.xtec.cat\/iesguindavols\/wp-json\/wp\/v2\/media?parent=65195"}],"wp:term":[{"taxonomy":"category","embeddable":true,"href":"https:\/\/agora.xtec.cat\/iesguindavols\/wp-json\/wp\/v2\/categories?post=65195"},{"taxonomy":"post_tag","embeddable":true,"href":"https:\/\/agora.xtec.cat\/iesguindavols\/wp-json\/wp\/v2\/tags?post=65195"}],"curies":[{"name":"wp","href":"https:\/\/api.w.org\/{rel}","templated":true}]}}