{"id":64754,"date":"2021-10-14T15:39:33","date_gmt":"2021-10-14T15:39:33","guid":{"rendered":"https:\/\/portal.institutguindavols.cat\/?p=64754"},"modified":"2021-10-24T00:44:47","modified_gmt":"2021-10-23T22:44:47","slug":"erasmusdays","status":"publish","type":"post","link":"https:\/\/agora.xtec.cat\/iesguindavols\/general\/erasmusdays\/","title":{"rendered":"ERASMUSDAYS"},"content":{"rendered":"\r\n<p>&nbsp;<\/p>\r\n\r\n\r\n\r\n<p>Del 10 al 15 d&#8217;octubre es celebren els <strong>Erasmus Days<\/strong> per tal de fer difusi\u00f3 dels projectes que es duen a terme dins del programa Erasmus+ implicant a la comunitat educativa i a la ciutadania en general. Aquest any 2021, es celebren els dies 14,15 i 16 d&#8217;octubre.<\/p>\r\n\r\n\r\n\r\n<p>L&#8217;objectiu principal de la campanya \u00e9s :<\/p>\r\n\r\n\r\n\r\n<p>*realitzar activitats de comunicaci\u00f3 i difusi\u00f3 per contar les experi\u00e8ncies de mobilitat i cooperaci\u00f3 a Europa<\/p>\r\n\r\n\r\n\r\n<p>* promoure les oportunitats finan\u00e7ades per la Uni\u00f3 Europea i<\/p>\r\n\r\n\r\n\r\n<p>*ampliar la difusi\u00f3 i impacte dels projectes Erasmus+ i els valors comuns europeus.<\/p>\r\n\r\n\r\n\r\n<p>Els &#8220;ErasmusDays&#8221; suposen una oportunitat per difondre i donar visibilitat als projectes Erasmus+ que en el nostre Centre \u00e9s <strong>Smart Mobility 2.0<\/strong>.<\/p>\r\n\r\n\r\n\r\n<p>Aquest mat\u00ed, l&#8217;alumnat de 1r i 2n de Batxillerat ,<\/p>\r\n\r\n\r\n\r\n<p>Joan M\u00aa, Helena, N\u00faria, Paula, Jounaida, Natasha, Sirin, Ares, Maroua, Gemma, Paula, Ivet, Joan, Jaume i Aitana ,ha mantingut una confer\u00e8ncia via Zoom amb l&#8217;alumnat del Centre Hellenstein -Gymnasyum de Heidenheim , Alemanya i del Centre Seyhan Anadolu Lisesi d&#8217;Adana, Turqu\u00eda, on han posat en com\u00fa la feina duta a terme.<\/p>\r\n\r\n\r\n\r\n<p>Seguirem amb les connexions!<\/p>\r\n\r\n\r\n\r\n<p>Let&#8217;s Keep in touch!!<\/p>\r\n\r\n\r\n\r\n<p>[ngg src=&#8221;galleries&#8221; ids=&#8221;561&#8243; display=&#8221;basic_thumbnail&#8221;]<\/p>\r\n","protected":false},"excerpt":{"rendered":"<p>&nbsp;<\/p>\n<p>Del 10 al 15 d&#8217;octubre es celebren els Erasmus Days per tal de fer difusi\u00f3 dels projectes que es duen a terme dins del programa Erasmus+ implicant a la comunitat educativa i a la ciutadania en general. Aquest any 2021, es celebren els dies 14,15&hellip;  <a href=\"https:\/\/agora.xtec.cat\/iesguindavols\/general\/erasmusdays\/\" title=\"Read ERASMUSDAYS\">Llegeix m\u00e9s\u00bb<\/a><\/p>\n","protected":false},"author":1,"featured_media":64827,"comment_status":"closed","ping_status":"closed","sticky":false,"template":"","format":"standard","meta":{"_bbp_topic_count":0,"_bbp_reply_count":0,"_bbp_total_topic_count":0,"_bbp_total_reply_count":0,"_bbp_voice_count":0,"_bbp_anonymous_reply_count":0,"_bbp_topic_count_hidden":0,"_bbp_reply_count_hidden":0,"_bbp_forum_subforum_count":0,"footnotes":""},"categories":[1],"tags":[],"class_list":["post-64754","post","type-post","status-publish","format-standard","has-post-thumbnail","hentry","category-general"],"post_mailing_queue_ids":[],"_links":{"self":[{"href":"https:\/\/agora.xtec.cat\/iesguindavols\/wp-json\/wp\/v2\/posts\/64754","targetHints":{"allow":["GET"]}}],"collection":[{"href":"https:\/\/agora.xtec.cat\/iesguindavols\/wp-json\/wp\/v2\/posts"}],"about":[{"href":"https:\/\/agora.xtec.cat\/iesguindavols\/wp-json\/wp\/v2\/types\/post"}],"author":[{"embeddable":true,"href":"https:\/\/agora.xtec.cat\/iesguindavols\/wp-json\/wp\/v2\/users\/1"}],"replies":[{"embeddable":true,"href":"https:\/\/agora.xtec.cat\/iesguindavols\/wp-json\/wp\/v2\/comments?post=64754"}],"version-history":[{"count":1,"href":"https:\/\/agora.xtec.cat\/iesguindavols\/wp-json\/wp\/v2\/posts\/64754\/revisions"}],"predecessor-version":[{"id":64832,"href":"https:\/\/agora.xtec.cat\/iesguindavols\/wp-json\/wp\/v2\/posts\/64754\/revisions\/64832"}],"wp:featuredmedia":[{"embeddable":true,"href":"https:\/\/agora.xtec.cat\/iesguindavols\/wp-json\/wp\/v2\/media\/64827"}],"wp:attachment":[{"href":"https:\/\/agora.xtec.cat\/iesguindavols\/wp-json\/wp\/v2\/media?parent=64754"}],"wp:term":[{"taxonomy":"category","embeddable":true,"href":"https:\/\/agora.xtec.cat\/iesguindavols\/wp-json\/wp\/v2\/categories?post=64754"},{"taxonomy":"post_tag","embeddable":true,"href":"https:\/\/agora.xtec.cat\/iesguindavols\/wp-json\/wp\/v2\/tags?post=64754"}],"curies":[{"name":"wp","href":"https:\/\/api.w.org\/{rel}","templated":true}]}}