{"id":64742,"date":"2021-10-13T16:32:32","date_gmt":"2021-10-13T16:32:32","guid":{"rendered":"https:\/\/portal.institutguindavols.cat\/?p=64742"},"modified":"2021-10-24T00:45:10","modified_gmt":"2021-10-23T22:45:10","slug":"aprofitem-el-sol","status":"publish","type":"post","link":"https:\/\/agora.xtec.cat\/iesguindavols\/general\/aprofitem-el-sol\/","title":{"rendered":"Aprofitem el sol!"},"content":{"rendered":"\r\n<p>En Joan Castell\u00e0 explica a l\u2019alumnat de CTMA de 2n de Batx. l\u2019aprofitament de l\u2019energia solar t\u00e8rmica i fotovoltaica a les instal\u2022lacions dels cicles d\u2019instal\u2022laci\u00f3 i manteniment de l\u2019INS Guind\u00e0vols.<\/p>\r\n\r\n\r\n\r\n<figure class=\"wp-block-image\"><img decoding=\"async\" class=\"wp-image-64744\" src=\"https:\/\/portal.institutguindavols.cat\/wp-content\/uploads\/69343835-440C-4986-BC6D-70A69000D266-1024x768.jpeg\" alt=\"\" \/><\/figure>\r\n\r\n\r\n\r\n<p>Vivim en un pa\u00eds amb una enorme radiaci\u00f3 solar, cal implantar cada cop m\u00e9s l\u2019\u00fas d\u2019energia solar, sobre tot fotovoltaica per a la producci\u00f3 d\u2019electricitat de proximitat. <br \/>Aix\u00f2 ens permetr\u00e0 disminuir les p\u00e8rdues d\u2019energia el\u00e8ctrica que es produeixen en el seu el transport i reduir les emissions de di\u00f2xid de carboni que es generen quan es fa a partir dels combustibles f\u00f2ssils.<\/p>\r\n\r\n\r\n\r\n<figure class=\"wp-block-image\"><img decoding=\"async\" class=\"wp-image-64748\" src=\"https:\/\/portal.institutguindavols.cat\/wp-content\/uploads\/WhatsApp-Image-2021-10-13-at-18.47.24-1024x768.jpeg\" alt=\"\" \/><\/figure>\r\n\r\n\r\n\r\n<figure class=\"wp-block-image\"><img decoding=\"async\" class=\"wp-image-64743\" src=\"https:\/\/portal.institutguindavols.cat\/wp-content\/uploads\/B32BB3E8-236B-46AB-9295-3A6779D07C0E-768x1024.jpeg\" alt=\"\" \/><\/figure>\r\n","protected":false},"excerpt":{"rendered":"<p>En Joan Castell\u00e0 explica a l\u2019alumnat de CTMA de 2n de Batx. l\u2019aprofitament de l\u2019energia solar t\u00e8rmica i fotovoltaica a les instal\u2022lacions dels cicles d\u2019instal\u2022laci\u00f3 i manteniment de l\u2019INS Guind\u00e0vols.<\/p>\n<p>Vivim en un pa\u00eds amb una enorme radiaci\u00f3 solar, cal implantar cada cop m\u00e9s l\u2019\u00fas d\u2019energia&hellip;  <a href=\"https:\/\/agora.xtec.cat\/iesguindavols\/general\/aprofitem-el-sol\/\" title=\"Read Aprofitem el sol!\">Llegeix m\u00e9s\u00bb<\/a><\/p>\n","protected":false},"author":1,"featured_media":64828,"comment_status":"closed","ping_status":"closed","sticky":false,"template":"","format":"standard","meta":{"_bbp_topic_count":0,"_bbp_reply_count":0,"_bbp_total_topic_count":0,"_bbp_total_reply_count":0,"_bbp_voice_count":0,"_bbp_anonymous_reply_count":0,"_bbp_topic_count_hidden":0,"_bbp_reply_count_hidden":0,"_bbp_forum_subforum_count":0,"footnotes":""},"categories":[1],"tags":[],"class_list":["post-64742","post","type-post","status-publish","format-standard","has-post-thumbnail","hentry","category-general"],"post_mailing_queue_ids":[],"_links":{"self":[{"href":"https:\/\/agora.xtec.cat\/iesguindavols\/wp-json\/wp\/v2\/posts\/64742","targetHints":{"allow":["GET"]}}],"collection":[{"href":"https:\/\/agora.xtec.cat\/iesguindavols\/wp-json\/wp\/v2\/posts"}],"about":[{"href":"https:\/\/agora.xtec.cat\/iesguindavols\/wp-json\/wp\/v2\/types\/post"}],"author":[{"embeddable":true,"href":"https:\/\/agora.xtec.cat\/iesguindavols\/wp-json\/wp\/v2\/users\/1"}],"replies":[{"embeddable":true,"href":"https:\/\/agora.xtec.cat\/iesguindavols\/wp-json\/wp\/v2\/comments?post=64742"}],"version-history":[{"count":1,"href":"https:\/\/agora.xtec.cat\/iesguindavols\/wp-json\/wp\/v2\/posts\/64742\/revisions"}],"predecessor-version":[{"id":64833,"href":"https:\/\/agora.xtec.cat\/iesguindavols\/wp-json\/wp\/v2\/posts\/64742\/revisions\/64833"}],"wp:featuredmedia":[{"embeddable":true,"href":"https:\/\/agora.xtec.cat\/iesguindavols\/wp-json\/wp\/v2\/media\/64828"}],"wp:attachment":[{"href":"https:\/\/agora.xtec.cat\/iesguindavols\/wp-json\/wp\/v2\/media?parent=64742"}],"wp:term":[{"taxonomy":"category","embeddable":true,"href":"https:\/\/agora.xtec.cat\/iesguindavols\/wp-json\/wp\/v2\/categories?post=64742"},{"taxonomy":"post_tag","embeddable":true,"href":"https:\/\/agora.xtec.cat\/iesguindavols\/wp-json\/wp\/v2\/tags?post=64742"}],"curies":[{"name":"wp","href":"https:\/\/api.w.org\/{rel}","templated":true}]}}