{"id":64701,"date":"2021-09-15T08:33:36","date_gmt":"2021-09-15T08:33:36","guid":{"rendered":"https:\/\/portal.institutguindavols.cat\/?p=64701"},"modified":"2022-11-09T14:30:39","modified_gmt":"2022-11-09T13:30:39","slug":"video-projectes-dinnovacio","status":"publish","type":"post","link":"https:\/\/agora.xtec.cat\/iesguindavols\/general\/video-projectes-dinnovacio\/","title":{"rendered":"V\u00cdDEO PROJECTES D&#8217;INNOVACI\u00d3"},"content":{"rendered":"\r\n<p>Setembre 2021<\/p>\r\n\r\n\r\n\r\n<p>El passat curs 20\/21, el Departament d&#8217;Educaci\u00f3 ens va seleccionar com a projecte d&#8217;innovaci\u00f3, per la nostra tasca duta a terme al llarg de molts anys com a referents de coeducaci\u00f3 a Lleida.<\/p>\r\n\r\n\r\n\r\n<p>Aquest reconeixement es va traduir en l&#8217;edici\u00f3 d&#8217;un v\u00eddeo, que intenta donar imatge i veu a tota la feina feta.<\/p>\r\n\r\n\r\n\r\n<p>Al v\u00eddeo s&#8217;expliquen els objectius i les pr\u00e0ctiques educatives que es desenvolupen en el marc del projecte &#8220;Eduquem per la igualtat&#8221;, aix\u00ed com imatges de les diferents activitats que s&#8217;han dut a terme.<\/p>\r\n\r\n\r\n\r\n<figure class=\"wp-block-embed-youtube wp-block-embed is-type-video is-provider-youtube wp-embed-aspect-16-9 wp-has-aspect-ratio\">\r\n<div class=\"wp-block-embed__wrapper\"><a href=\"https:\/\/youtu.be\/fA9166fbi0s\">https:\/\/www.youtube.com\/watch?v=fA9166fbi0s<\/a><\/div>\r\n<\/figure>\r\n\r\n\r\n\r\n<p>&nbsp;<\/p>\r\n","protected":false},"excerpt":{"rendered":"<p>Setembre 2021<\/p>\n<p>El passat curs 20\/21, el Departament d&#8217;Educaci\u00f3 ens va seleccionar com a projecte d&#8217;innovaci\u00f3, per la nostra tasca duta a terme al llarg de molts anys com a referents de coeducaci\u00f3 a Lleida.<\/p>\n<p>Aquest reconeixement es va traduir en l&#8217;edici\u00f3 d&#8217;un v\u00eddeo, que intenta donar&hellip;  <a href=\"https:\/\/agora.xtec.cat\/iesguindavols\/general\/video-projectes-dinnovacio\/\" title=\"Read V\u00cdDEO PROJECTES D&#8217;INNOVACI\u00d3\">Llegeix m\u00e9s\u00bb<\/a><\/p>\n","protected":false},"author":6,"featured_media":64830,"comment_status":"closed","ping_status":"closed","sticky":false,"template":"","format":"standard","meta":{"_bbp_topic_count":0,"_bbp_reply_count":0,"_bbp_total_topic_count":0,"_bbp_total_reply_count":0,"_bbp_voice_count":0,"_bbp_anonymous_reply_count":0,"_bbp_topic_count_hidden":0,"_bbp_reply_count_hidden":0,"_bbp_forum_subforum_count":0,"footnotes":""},"categories":[8,1],"tags":[],"class_list":["post-64701","post","type-post","status-publish","format-standard","has-post-thumbnail","hentry","category-batxillerat","category-general"],"post_mailing_queue_ids":[],"_links":{"self":[{"href":"https:\/\/agora.xtec.cat\/iesguindavols\/wp-json\/wp\/v2\/posts\/64701","targetHints":{"allow":["GET"]}}],"collection":[{"href":"https:\/\/agora.xtec.cat\/iesguindavols\/wp-json\/wp\/v2\/posts"}],"about":[{"href":"https:\/\/agora.xtec.cat\/iesguindavols\/wp-json\/wp\/v2\/types\/post"}],"author":[{"embeddable":true,"href":"https:\/\/agora.xtec.cat\/iesguindavols\/wp-json\/wp\/v2\/users\/6"}],"replies":[{"embeddable":true,"href":"https:\/\/agora.xtec.cat\/iesguindavols\/wp-json\/wp\/v2\/comments?post=64701"}],"version-history":[{"count":3,"href":"https:\/\/agora.xtec.cat\/iesguindavols\/wp-json\/wp\/v2\/posts\/64701\/revisions"}],"predecessor-version":[{"id":65237,"href":"https:\/\/agora.xtec.cat\/iesguindavols\/wp-json\/wp\/v2\/posts\/64701\/revisions\/65237"}],"wp:featuredmedia":[{"embeddable":true,"href":"https:\/\/agora.xtec.cat\/iesguindavols\/wp-json\/wp\/v2\/media\/64830"}],"wp:attachment":[{"href":"https:\/\/agora.xtec.cat\/iesguindavols\/wp-json\/wp\/v2\/media?parent=64701"}],"wp:term":[{"taxonomy":"category","embeddable":true,"href":"https:\/\/agora.xtec.cat\/iesguindavols\/wp-json\/wp\/v2\/categories?post=64701"},{"taxonomy":"post_tag","embeddable":true,"href":"https:\/\/agora.xtec.cat\/iesguindavols\/wp-json\/wp\/v2\/tags?post=64701"}],"curies":[{"name":"wp","href":"https:\/\/api.w.org\/{rel}","templated":true}]}}