{"id":64457,"date":"2021-06-20T08:10:44","date_gmt":"2021-06-20T08:10:44","guid":{"rendered":"https:\/\/portal.institutguindavols.cat\/?p=64457"},"modified":"2021-06-20T08:10:44","modified_gmt":"2021-06-20T08:10:44","slug":"el-gust-per-la-lectura-2","status":"publish","type":"post","link":"https:\/\/agora.xtec.cat\/iesguindavols\/general\/el-gust-per-la-lectura-2\/","title":{"rendered":"EL GUST PER LA LECTURA"},"content":{"rendered":"\n<p>Kautar Mhirou, alumna de 2n de batxillerat de Literatura Catalana, ha estat premiada amb una Menci\u00f3 especial en el  XXVI Concurs literari El Gust per la lectura.<\/p>\n\n\n\n<p>Partint del l&#8217;obra &#8220;Laura a la ciutat dels sants&#8221; de Miquel Llor, la Kautar va imaginar-ne un final diferent per a la protagonista, una noia sotmesa, i gaireb\u00e9 ofegada, per la rigidesa de la societat dels anys 30 del segle XX.  <\/p>\n\n\n\n<p>Ella, en la seva creaci\u00f3,  dona ales a la protagonista per poder evolucionar i  decidir lliurement el seu futur.<\/p>\n\n\n\n<p>Enhorabona, Kautar! <\/p>\n\n\n\n<p><\/p>\n\n\n\n<p><a href=\"https:\/\/youtu.be\/L33aeXCWRRI\">https:\/\/youtu.be\/L33aeXCWRRI<\/a><\/p>\n\n\n\n\n\n<p><\/p>\n\n\n\n<p><strong>LA NOVA\nVIDA<\/strong><\/p>\n\n\n\n<p>Dos anys despr\u00e9s que la Laura marx\u00e9s de Comarquinal\u2026<\/p>\n\n\n\n<p>Estimat Moss\u00e8n Joan, <\/p>\n\n\n\n<p>Avui, que ja he aconseguit treure\u2019m la bena&nbsp; que havia posat l\u2019amor en els meus ulls, m\u2019adono de moltes coses que em porten a establir una conclusi\u00f3: que venim i marxem sols d\u2019aquest m\u00f3n tan ins\u00edpid. I \u00e9s que per arribar a aquesta conclusi\u00f3, he hagut de passar per moltes males experi\u00e8ncies. V\u00f3s ja sabeu de quines us parlo. <\/p>\n\n\n\n<p>De\nfet, no crec pas que a Comarquinal hagin oblidat la meva imatge, perqu\u00e8 tot i\nque jo em sentia la v\u00edctima, s\u00e9 que segueixen pensant que jo era una intrusa\nque havia alterat l\u2019ordre social. Per\u00f2 he de dir que \u00e9s cert all\u00f2 que diuen:\nquan se\u2019t tanca una porta, se te n\u2019obren dues m\u00e9s, perqu\u00e8 avui la meva vida \u00e9s\nmolt diferent de com era fa dos anys, quan encara vivia sota la marginalitat a\nla casa dels Muntanyola. <\/p>\n\n\n\n<p>Si hagu\u00e9s d\u2019explicar-vos en qu\u00e8 consisteix aquest canvi,\nper comen\u00e7ar us diria que ja no s\u00f3c aquella dona insegura que aconsell\u00e0veu,\nperqu\u00e8 tot i que he passat per una forta depressi\u00f3, aquesta m\u2019ha servit per\ncon\u00e8ixer-me, per aprendre de mi i per saber quines coses ja no permetria mai\nm\u00e9s. Perqu\u00e8 dels errors s&#8217;apr\u00e8n, oi? <\/p>\n\n\n\n<p>B\u00e9,\npenseu el que penseu, considero que ara s\u00f3c feli\u00e7, m\u00e9s feli\u00e7 que abans. Ara ja\nno depenc de ning\u00fa, i ning\u00fa no em diu com he de viure. I aix\u00f2 \u00e9s el que\nconsidero m\u00e9s important, la llibertat.<\/p>\n\n\n\n<p>Pel\nque fa a la meva adre\u00e7a, ara visc amb la meva cosina a Barcelona. En una\nBarcelona on no importa la llenceria que es dugui, la gent amb la que es parli\no b\u00e9 els rumors que s\u2019inventin. I aix\u00f2 \u00e9s el que m\u00e9s m\u2019agrada de la ciutat en\ncontrast amb el poble. A poc a poc me anat oblidant de Comarquinal tot i que de\nvegades encara visc en un avui ple de records i paraules de l\u2019ahir. De fet,\nl\u2019\u00fanic que em connecta amb aquell poble tancat \u00e9s la meva relaci\u00f3 amb v\u00f3s.\nPerqu\u00e8 representeu la bondat dins aquella maldat. Perqu\u00e8 heu estat com un pare\nper mi, i us ho agrair\u00e9 tota la vida. Us agrair\u00e9 no haver cregut els altres,\nhaver-me donat la m\u00e0 quan m\u00e9s ho necessitava i no haver caigut en el prejudici.\nSimplement, gr\u00e0cies.<\/p>\n\n\n\n<p>Espero\nque v\u00f3s tamb\u00e9 estigueu b\u00e9&nbsp; i que ens\ntornem a veure.<\/p>\n\n\n\n<p>Fins\naviat, moss\u00e8n.<\/p>\n\n\n\n<p> <\/p>\n","protected":false},"excerpt":{"rendered":"<p>Kautar Mhirou, alumna de 2n de batxillerat de Literatura Catalana, ha estat premiada amb una Menci\u00f3 especial en el  XXVI Concurs literari El Gust per la lectura.<\/p>\n<p>Partint del l&#8217;obra &#8220;Laura a la ciutat dels sants&#8221; de Miquel Llor, la Kautar va imaginar-ne un final&hellip;  <a href=\"https:\/\/agora.xtec.cat\/iesguindavols\/general\/el-gust-per-la-lectura-2\/\" title=\"Read EL GUST PER LA LECTURA\">Llegeix m\u00e9s\u00bb<\/a><\/p>\n","protected":false},"author":1,"featured_media":64462,"comment_status":"closed","ping_status":"closed","sticky":false,"template":"","format":"standard","meta":{"_bbp_topic_count":0,"_bbp_reply_count":0,"_bbp_total_topic_count":0,"_bbp_total_reply_count":0,"_bbp_voice_count":0,"_bbp_anonymous_reply_count":0,"_bbp_topic_count_hidden":0,"_bbp_reply_count_hidden":0,"_bbp_forum_subforum_count":0,"footnotes":""},"categories":[1],"tags":[],"class_list":["post-64457","post","type-post","status-publish","format-standard","has-post-thumbnail","hentry","category-general"],"post_mailing_queue_ids":[],"_links":{"self":[{"href":"https:\/\/agora.xtec.cat\/iesguindavols\/wp-json\/wp\/v2\/posts\/64457","targetHints":{"allow":["GET"]}}],"collection":[{"href":"https:\/\/agora.xtec.cat\/iesguindavols\/wp-json\/wp\/v2\/posts"}],"about":[{"href":"https:\/\/agora.xtec.cat\/iesguindavols\/wp-json\/wp\/v2\/types\/post"}],"author":[{"embeddable":true,"href":"https:\/\/agora.xtec.cat\/iesguindavols\/wp-json\/wp\/v2\/users\/1"}],"replies":[{"embeddable":true,"href":"https:\/\/agora.xtec.cat\/iesguindavols\/wp-json\/wp\/v2\/comments?post=64457"}],"version-history":[{"count":0,"href":"https:\/\/agora.xtec.cat\/iesguindavols\/wp-json\/wp\/v2\/posts\/64457\/revisions"}],"wp:featuredmedia":[{"embeddable":true,"href":"https:\/\/agora.xtec.cat\/iesguindavols\/wp-json\/"}],"wp:attachment":[{"href":"https:\/\/agora.xtec.cat\/iesguindavols\/wp-json\/wp\/v2\/media?parent=64457"}],"wp:term":[{"taxonomy":"category","embeddable":true,"href":"https:\/\/agora.xtec.cat\/iesguindavols\/wp-json\/wp\/v2\/categories?post=64457"},{"taxonomy":"post_tag","embeddable":true,"href":"https:\/\/agora.xtec.cat\/iesguindavols\/wp-json\/wp\/v2\/tags?post=64457"}],"curies":[{"name":"wp","href":"https:\/\/api.w.org\/{rel}","templated":true}]}}