{"id":64364,"date":"2021-06-14T12:40:52","date_gmt":"2021-06-14T12:40:52","guid":{"rendered":"https:\/\/portal.institutguindavols.cat\/?p=64364"},"modified":"2021-06-14T12:40:52","modified_gmt":"2021-06-14T12:40:52","slug":"64364","status":"publish","type":"post","link":"https:\/\/agora.xtec.cat\/iesguindavols\/general\/64364\/","title":{"rendered":"Nou \u00e8xit de l&#8217;alumnat del Guind\u00e0vols al Campionat de Catalunya de &#8220;Refrigeraci\u00f3&#8221; i &#8220;Lampisteria i calefacci\u00f3&#8221;"},"content":{"rendered":"\n<p>El passat divendres 4 de juny va tenir lloc, a l&#8217;Institut Guind\u00e0vols, l\u2019edici\u00f3 2021 del Campionat de Catalunya de Formaci\u00f3 Professional en les especialitats de &#8220;Refrigeraci\u00f3&#8221; i &#8220;Lampisteria i calefacci\u00f3&#8221;. Hi va participar alumnat de l&#8217;Institut Anna Gironella de Mundet de Barcelona, de l&#8217;Institut Barbat i Miracle de Tarragona i del l&#8217;Institut Guind\u00e0vols de Lleida<\/p>\n\n\n\n<p>Tant els participants en la prova de \u201cRefrigeraci\u00f3\u201d com en la de \u201cLampisteria i calefacci\u00f3\u201d es van enfrontar al muntatge d\u2019una instal\u00b7laci\u00f3 real en qu\u00e8 van posar a prova els coneixements t\u00e8cnics adquirits al llarg de la seva formaci\u00f3, encara que en aquest cas amb un grau d\u2019exig\u00e8ncia for\u00e7a superior en precisi\u00f3 i velocitat d\u2019execuci\u00f3. Tot plegat amb la dificultat d\u2019haver de mantenir la concentraci\u00f3 i controlar l\u2019estr\u00e8s de la competici\u00f3 al llarg de les 7 hores de prova.<\/p>\n\n\n\n<p>Els resultats a l&rsquo;especialitat de Refrigeraci&oacute; varen ser:<\/p>\n<ul>\n<li>1r lloc: Ateeq M. &#8211; Institut Guind&agrave;vols<\/li>\n<li>2n lloc: Babarcar D. &#8211; Institut Guind&agrave;vols<\/li>\n<li>3r lloc, ex aequo:\n<ul>\n<li>Alejandro M. &#8211; Institut Ramon Barbat i Miracle<\/li>\n<li>Ivan R. &#8211; Institut Anna Gironella de Mundet<\/li>\n<\/ul>\n<\/li>\n<\/ul>\n<p>&nbsp;<\/p>\n\n\n\n<p>Pel que fa a l&rsquo;Skill de Lampisteria i Calefacci&oacute; els resultats van ser els seg&uuml;ents:<\/p>\n<ul>\n<li>1r lloc: Pol D. &#8211; Institut Guind&agrave;vols<\/li>\n<li>2n lloc, ex aequo:\n<ul>\n<li>Lluc J. &#8211; Institut Guind&agrave;vols<\/li>\n<li>Marc P. &#8211; Institut Ramont Barbat i Miracle<\/li>\n<\/ul>\n<\/li>\n<li>3r lloc: Robert R. &#8211; Institut Anna Gironella de Mundet<\/li>\n<\/ul>\n<p>&nbsp;<\/p>\n\n\n\n<p>L&#8217;Ateeq i el Pol\u00a0representaran Catalunya en les seves especialitats al campionat SpainSkills que se celebrar\u00e0 a IFEMA (Madrid) aquest desembre de 2021.<\/p>\n\n\n\n<p>A continuaci\u00f3 adjuntem una breu galeria d&#8217;imatges de l&#8217;esdeveniment aix\u00ed com l&#8217;enlla\u00e7 a l&#8217;streaming amb qu\u00e8 es va poder seguir en directe.<\/p>\n\n\n\n[ngg src=&#8221;galleries&#8221; ids=&#8221;558&#8243; display=&#8221;basic_thumbnail&#8221;]\n\n\n\n<iframe loading=\"lazy\" width=\"560\" height=\"315\" src=\"https:\/\/www.youtube.com\/embed\/Aa6PtWAWECc\" title=\"YouTube video player\" frameborder=\"0\" allow=\"accelerometer; autoplay; clipboard-write; encrypted-media; gyroscope; picture-in-picture\" allowfullscreen><\/iframe>\n","protected":false},"excerpt":{"rendered":"<p>El passat divendres 4 de juny va tenir lloc, a l&#8217;Institut Guind\u00e0vols, l\u2019edici\u00f3 2021 del Campionat de Catalunya de Formaci\u00f3 Professional en les especialitats de &#8220;Refrigeraci\u00f3&#8221; i &#8220;Lampisteria i calefacci\u00f3&#8221;. Hi va participar alumnat de l&#8217;Institut Anna Gironella de Mundet de Barcelona, de l&#8217;Institut Barbat&hellip;  <a href=\"https:\/\/agora.xtec.cat\/iesguindavols\/general\/64364\/\" title=\"Read Nou \u00e8xit de l&#8217;alumnat del Guind\u00e0vols al Campionat de Catalunya de &#8220;Refrigeraci\u00f3&#8221; i &#8220;Lampisteria i calefacci\u00f3&#8221;\">Llegeix m\u00e9s\u00bb<\/a><\/p>\n","protected":false},"author":5,"featured_media":64368,"comment_status":"closed","ping_status":"closed","sticky":false,"template":"","format":"standard","meta":{"_bbp_topic_count":0,"_bbp_reply_count":0,"_bbp_total_topic_count":0,"_bbp_total_reply_count":0,"_bbp_voice_count":0,"_bbp_anonymous_reply_count":0,"_bbp_topic_count_hidden":0,"_bbp_reply_count_hidden":0,"_bbp_forum_subforum_count":0,"footnotes":""},"categories":[1],"tags":[],"class_list":["post-64364","post","type-post","status-publish","format-standard","has-post-thumbnail","hentry","category-general"],"post_mailing_queue_ids":[],"_links":{"self":[{"href":"https:\/\/agora.xtec.cat\/iesguindavols\/wp-json\/wp\/v2\/posts\/64364","targetHints":{"allow":["GET"]}}],"collection":[{"href":"https:\/\/agora.xtec.cat\/iesguindavols\/wp-json\/wp\/v2\/posts"}],"about":[{"href":"https:\/\/agora.xtec.cat\/iesguindavols\/wp-json\/wp\/v2\/types\/post"}],"author":[{"embeddable":true,"href":"https:\/\/agora.xtec.cat\/iesguindavols\/wp-json\/wp\/v2\/users\/5"}],"replies":[{"embeddable":true,"href":"https:\/\/agora.xtec.cat\/iesguindavols\/wp-json\/wp\/v2\/comments?post=64364"}],"version-history":[{"count":0,"href":"https:\/\/agora.xtec.cat\/iesguindavols\/wp-json\/wp\/v2\/posts\/64364\/revisions"}],"wp:featuredmedia":[{"embeddable":true,"href":"https:\/\/agora.xtec.cat\/iesguindavols\/wp-json\/"}],"wp:attachment":[{"href":"https:\/\/agora.xtec.cat\/iesguindavols\/wp-json\/wp\/v2\/media?parent=64364"}],"wp:term":[{"taxonomy":"category","embeddable":true,"href":"https:\/\/agora.xtec.cat\/iesguindavols\/wp-json\/wp\/v2\/categories?post=64364"},{"taxonomy":"post_tag","embeddable":true,"href":"https:\/\/agora.xtec.cat\/iesguindavols\/wp-json\/wp\/v2\/tags?post=64364"}],"curies":[{"name":"wp","href":"https:\/\/api.w.org\/{rel}","templated":true}]}}