{"id":64224,"date":"2021-06-07T21:04:49","date_gmt":"2021-06-07T21:04:49","guid":{"rendered":"https:\/\/portal.institutguindavols.cat\/?p=64224"},"modified":"2021-06-07T21:04:49","modified_gmt":"2021-06-07T21:04:49","slug":"camp-daprenentatge-de-sant-llorenc-de-mongai","status":"publish","type":"post","link":"https:\/\/agora.xtec.cat\/iesguindavols\/general\/camp-daprenentatge-de-sant-llorenc-de-mongai\/","title":{"rendered":"Camp d&#8217;aprenentatge de Sant LLoren\u00e7 de Mongai"},"content":{"rendered":"\n<p>El passat dia 31 de maig l&#8217;alumnat de 1r ESO A va visitar el camp d&#8217;aprenentatge de Sant Lloren\u00e7 de Mongai. Al llarg del dia  van poder realitzar un taller d&#8217;arqueologia, van aprendre com vivien els homes i dones de la prehist\u00f2ria i tamb\u00e9 van realitzar un taller de pintura rupestre i un taller de tall de s\u00edlex. <\/p>\n\n\n\n<ul class=\"wp-block-gallery columns-3 is-cropped wp-block-gallery-1 is-layout-flex wp-block-gallery-is-layout-flex\"><li class=\"blocks-gallery-item\"><figure><img decoding=\"async\" src=\"https:\/\/portal.institutguindavols.cat\/wp-content\/uploads\/20210531_101702-1024x768.jpg\" alt=\"\" data-id=\"64226\" data-link=\"https:\/\/portal.institutguindavols.cat\/20210531_101702\/\" class=\"wp-image-64226\" \/><\/figure><\/li><li class=\"blocks-gallery-item\"><figure><img decoding=\"async\" src=\"https:\/\/portal.institutguindavols.cat\/wp-content\/uploads\/20210531_111036-1024x768.jpg\" alt=\"\" data-id=\"64227\" data-link=\"https:\/\/portal.institutguindavols.cat\/20210531_111036\/\" class=\"wp-image-64227\" \/><\/figure><\/li><li class=\"blocks-gallery-item\"><figure><img decoding=\"async\" src=\"https:\/\/portal.institutguindavols.cat\/wp-content\/uploads\/20210531_113741-1024x768.jpg\" alt=\"\" data-id=\"64228\" data-link=\"https:\/\/portal.institutguindavols.cat\/20210531_113741\/\" class=\"wp-image-64228\" \/><\/figure><\/li><\/ul>\n","protected":false},"excerpt":{"rendered":"<p>El passat dia 31 de maig l&#8217;alumnat de 1r ESO A va visitar el camp d&#8217;aprenentatge de Sant Lloren\u00e7 de Mongai. Al llarg del dia  van poder realitzar un taller d&#8217;arqueologia, van aprendre com vivien els homes i dones de la prehist\u00f2ria i tamb\u00e9&hellip;  <a href=\"https:\/\/agora.xtec.cat\/iesguindavols\/general\/camp-daprenentatge-de-sant-llorenc-de-mongai\/\" title=\"Read Camp d&#8217;aprenentatge de Sant LLoren\u00e7 de Mongai\">Llegeix m\u00e9s\u00bb<\/a><\/p>\n","protected":false},"author":1,"featured_media":64225,"comment_status":"closed","ping_status":"closed","sticky":false,"template":"","format":"standard","meta":{"_bbp_topic_count":0,"_bbp_reply_count":0,"_bbp_total_topic_count":0,"_bbp_total_reply_count":0,"_bbp_voice_count":0,"_bbp_anonymous_reply_count":0,"_bbp_topic_count_hidden":0,"_bbp_reply_count_hidden":0,"_bbp_forum_subforum_count":0,"footnotes":""},"categories":[1],"tags":[],"class_list":["post-64224","post","type-post","status-publish","format-standard","has-post-thumbnail","hentry","category-general"],"post_mailing_queue_ids":[],"_links":{"self":[{"href":"https:\/\/agora.xtec.cat\/iesguindavols\/wp-json\/wp\/v2\/posts\/64224","targetHints":{"allow":["GET"]}}],"collection":[{"href":"https:\/\/agora.xtec.cat\/iesguindavols\/wp-json\/wp\/v2\/posts"}],"about":[{"href":"https:\/\/agora.xtec.cat\/iesguindavols\/wp-json\/wp\/v2\/types\/post"}],"author":[{"embeddable":true,"href":"https:\/\/agora.xtec.cat\/iesguindavols\/wp-json\/wp\/v2\/users\/1"}],"replies":[{"embeddable":true,"href":"https:\/\/agora.xtec.cat\/iesguindavols\/wp-json\/wp\/v2\/comments?post=64224"}],"version-history":[{"count":0,"href":"https:\/\/agora.xtec.cat\/iesguindavols\/wp-json\/wp\/v2\/posts\/64224\/revisions"}],"wp:featuredmedia":[{"embeddable":true,"href":"https:\/\/agora.xtec.cat\/iesguindavols\/wp-json\/"}],"wp:attachment":[{"href":"https:\/\/agora.xtec.cat\/iesguindavols\/wp-json\/wp\/v2\/media?parent=64224"}],"wp:term":[{"taxonomy":"category","embeddable":true,"href":"https:\/\/agora.xtec.cat\/iesguindavols\/wp-json\/wp\/v2\/categories?post=64224"},{"taxonomy":"post_tag","embeddable":true,"href":"https:\/\/agora.xtec.cat\/iesguindavols\/wp-json\/wp\/v2\/tags?post=64224"}],"curies":[{"name":"wp","href":"https:\/\/api.w.org\/{rel}","templated":true}]}}