{"id":64155,"date":"2021-06-04T08:09:05","date_gmt":"2021-06-04T08:09:05","guid":{"rendered":"https:\/\/portal.institutguindavols.cat\/?p=64155"},"modified":"2021-06-04T08:09:05","modified_gmt":"2021-06-04T08:09:05","slug":"agenda-21","status":"publish","type":"post","link":"https:\/\/agora.xtec.cat\/iesguindavols\/general\/agenda-21\/","title":{"rendered":"Agenda 21"},"content":{"rendered":"\n<p> L&#8217;alumnat de 2n i 3r d&#8217;ESO de l&#8217;INS Guind\u00e0vols celebra la cloenda del programa AGENDA 21 amb activitats d&#8217;estudi de la biodiversitat del nostre entorn m\u00e9s proper: cens d&#8217;ocells amb l&#8217;ornit\u00f2leg Joan Bernal i estudi d&#8217;insectes, amb l&#8217;entom\u00f2leg \u00c0lex Levi. <\/p>\n\n\n\n\n","protected":false},"excerpt":{"rendered":"<p> L&#8217;alumnat de 2n i 3r d&#8217;ESO de l&#8217;INS Guind\u00e0vols celebra la cloenda del programa AGENDA 21 amb activitats d&#8217;estudi de la biodiversitat del nostre entorn m\u00e9s proper: cens d&#8217;ocells amb l&#8217;ornit\u00f2leg Joan Bernal i estudi d&#8217;insectes, amb l&#8217;entom\u00f2leg \u00c0lex Levi. <\/p>\n","protected":false},"author":1,"featured_media":64162,"comment_status":"closed","ping_status":"closed","sticky":false,"template":"","format":"standard","meta":{"_bbp_topic_count":0,"_bbp_reply_count":0,"_bbp_total_topic_count":0,"_bbp_total_reply_count":0,"_bbp_voice_count":0,"_bbp_anonymous_reply_count":0,"_bbp_topic_count_hidden":0,"_bbp_reply_count_hidden":0,"_bbp_forum_subforum_count":0,"footnotes":""},"categories":[1],"tags":[],"class_list":["post-64155","post","type-post","status-publish","format-standard","has-post-thumbnail","hentry","category-general"],"post_mailing_queue_ids":[],"_links":{"self":[{"href":"https:\/\/agora.xtec.cat\/iesguindavols\/wp-json\/wp\/v2\/posts\/64155","targetHints":{"allow":["GET"]}}],"collection":[{"href":"https:\/\/agora.xtec.cat\/iesguindavols\/wp-json\/wp\/v2\/posts"}],"about":[{"href":"https:\/\/agora.xtec.cat\/iesguindavols\/wp-json\/wp\/v2\/types\/post"}],"author":[{"embeddable":true,"href":"https:\/\/agora.xtec.cat\/iesguindavols\/wp-json\/wp\/v2\/users\/1"}],"replies":[{"embeddable":true,"href":"https:\/\/agora.xtec.cat\/iesguindavols\/wp-json\/wp\/v2\/comments?post=64155"}],"version-history":[{"count":0,"href":"https:\/\/agora.xtec.cat\/iesguindavols\/wp-json\/wp\/v2\/posts\/64155\/revisions"}],"wp:featuredmedia":[{"embeddable":true,"href":"https:\/\/agora.xtec.cat\/iesguindavols\/wp-json\/"}],"wp:attachment":[{"href":"https:\/\/agora.xtec.cat\/iesguindavols\/wp-json\/wp\/v2\/media?parent=64155"}],"wp:term":[{"taxonomy":"category","embeddable":true,"href":"https:\/\/agora.xtec.cat\/iesguindavols\/wp-json\/wp\/v2\/categories?post=64155"},{"taxonomy":"post_tag","embeddable":true,"href":"https:\/\/agora.xtec.cat\/iesguindavols\/wp-json\/wp\/v2\/tags?post=64155"}],"curies":[{"name":"wp","href":"https:\/\/api.w.org\/{rel}","templated":true}]}}