{"id":63955,"date":"2021-05-14T22:22:03","date_gmt":"2021-05-14T22:22:03","guid":{"rendered":"https:\/\/portal.institutguindavols.cat\/?p=63955"},"modified":"2021-05-14T22:22:03","modified_gmt":"2021-05-14T22:22:03","slug":"mercatec-2021","status":"publish","type":"post","link":"https:\/\/agora.xtec.cat\/iesguindavols\/general\/mercatec-2021\/","title":{"rendered":"MERCATEC 2021"},"content":{"rendered":"\n<p>L&#8217;alumnat de primer de batxillerat, de quart d&#8217;ESO i de primer d&#8217;ESO han participtat  a les diverses activitats que s&#8217;han organtizat al Mercatec 2021.  Per una banda,el dia 13 de maig els alumnes de primer de batxillerat van assistir en una sessi\u00f3 en streaming del taller,&#8221;<strong> motors m\u00ednims<\/strong>&#8220;, a c\u00e0rrec del divulgador de ci\u00e8ncia Marc Boada. I el dia 14 de maig l&#8217;alumnat de 4t d&#8217;ESO i de 1r de batxillerat van assistir a la confer\u00e8ncia impartida pel Tom\u00e0s Molina &#8221;   \u201c<strong>Com ser\u00e0 el temps quan sigueu pares i mares? La tecnologia que caldr\u00e0 per arreglar el canvi clim\u00e0tic l\u2019heu d\u2019inventar vosaltres i els vostres fills<\/strong>\u201d .<\/p>\n\n\n\n<p>Per l&#8217;altra banda, l&#8217;alumnat de 1r d&#8217;ESO ha exposat el seu projecte relacionat amb el coneixement de les eines del taller de tecnologia. La Paula Baena, la Mar Carrera i el Robert Aliet han presentat el &#8220;Pasaparaula de les eines&#8221;. I el Aaron Chavez, el Mohamed Boulhani, la Marima Khail i l&#8217;Alejandro Gamboa han presentat &#8220;l&#8217;Oca de les eines&#8221;.<\/p>\n\n\n\n<ul class=\"wp-block-gallery columns-3 is-cropped wp-block-gallery-1 is-layout-flex wp-block-gallery-is-layout-flex\"><li class=\"blocks-gallery-item\"><figure><img decoding=\"async\" src=\"https:\/\/portal.institutguindavols.cat\/wp-content\/uploads\/PASAPALABRA1-1-1024x473.jpg\" alt=\"\" data-id=\"63963\" data-link=\"https:\/\/portal.institutguindavols.cat\/pasapalabra1-2\/\" class=\"wp-image-63963\" \/><\/figure><\/li><li class=\"blocks-gallery-item\"><figure><img decoding=\"async\" src=\"https:\/\/portal.institutguindavols.cat\/wp-content\/uploads\/OCA-1024x768.jpg\" alt=\"\" data-id=\"63961\" data-link=\"https:\/\/portal.institutguindavols.cat\/oca\/\" class=\"wp-image-63961\" \/><\/figure><\/li><li class=\"blocks-gallery-item\"><figure><img decoding=\"async\" src=\"https:\/\/portal.institutguindavols.cat\/wp-content\/uploads\/IMG-20210514-WA00041-1024x768.jpg\" alt=\"\" data-id=\"63960\" data-link=\"https:\/\/portal.institutguindavols.cat\/img-20210514-wa00041\/\" class=\"wp-image-63960\" \/><\/figure><\/li><li class=\"blocks-gallery-item\"><figure><img decoding=\"async\" src=\"https:\/\/portal.institutguindavols.cat\/wp-content\/uploads\/IMG-20210514-WA00031-1024x768.jpg\" alt=\"\" data-id=\"63959\" data-link=\"https:\/\/portal.institutguindavols.cat\/img-20210514-wa00031\/\" class=\"wp-image-63959\" \/><\/figure><\/li><li class=\"blocks-gallery-item\"><figure><img decoding=\"async\" src=\"https:\/\/portal.institutguindavols.cat\/wp-content\/uploads\/IMG-20210514-WA00051-1024x768.jpg\" alt=\"\" data-id=\"63958\" data-link=\"https:\/\/portal.institutguindavols.cat\/img-20210514-wa00051\/\" class=\"wp-image-63958\" \/><\/figure><\/li><li class=\"blocks-gallery-item\"><figure><img decoding=\"async\" src=\"https:\/\/portal.institutguindavols.cat\/wp-content\/uploads\/IMG-20210514-WA00061-1024x768.jpg\" alt=\"\" data-id=\"63957\" data-link=\"https:\/\/portal.institutguindavols.cat\/img-20210514-wa00061\/\" class=\"wp-image-63957\" \/><\/figure><\/li><\/ul>\n\n\n\n<p><\/p>\n\n\n\n<p><\/p>\n","protected":false},"excerpt":{"rendered":"<p>L&#8217;alumnat de primer de batxillerat, de quart d&#8217;ESO i de primer d&#8217;ESO han participtat  a les diverses activitats que s&#8217;han organtizat al Mercatec 2021.  Per una banda,el dia 13 de maig els alumnes de primer de batxillerat van assistir en una sessi\u00f3 en&hellip;  <a href=\"https:\/\/agora.xtec.cat\/iesguindavols\/general\/mercatec-2021\/\" title=\"Read MERCATEC 2021\">Llegeix m\u00e9s\u00bb<\/a><\/p>\n","protected":false},"author":1,"featured_media":63959,"comment_status":"closed","ping_status":"closed","sticky":false,"template":"","format":"standard","meta":{"_bbp_topic_count":0,"_bbp_reply_count":0,"_bbp_total_topic_count":0,"_bbp_total_reply_count":0,"_bbp_voice_count":0,"_bbp_anonymous_reply_count":0,"_bbp_topic_count_hidden":0,"_bbp_reply_count_hidden":0,"_bbp_forum_subforum_count":0,"footnotes":""},"categories":[1],"tags":[],"class_list":["post-63955","post","type-post","status-publish","format-standard","has-post-thumbnail","hentry","category-general"],"post_mailing_queue_ids":[],"_links":{"self":[{"href":"https:\/\/agora.xtec.cat\/iesguindavols\/wp-json\/wp\/v2\/posts\/63955","targetHints":{"allow":["GET"]}}],"collection":[{"href":"https:\/\/agora.xtec.cat\/iesguindavols\/wp-json\/wp\/v2\/posts"}],"about":[{"href":"https:\/\/agora.xtec.cat\/iesguindavols\/wp-json\/wp\/v2\/types\/post"}],"author":[{"embeddable":true,"href":"https:\/\/agora.xtec.cat\/iesguindavols\/wp-json\/wp\/v2\/users\/1"}],"replies":[{"embeddable":true,"href":"https:\/\/agora.xtec.cat\/iesguindavols\/wp-json\/wp\/v2\/comments?post=63955"}],"version-history":[{"count":0,"href":"https:\/\/agora.xtec.cat\/iesguindavols\/wp-json\/wp\/v2\/posts\/63955\/revisions"}],"wp:featuredmedia":[{"embeddable":true,"href":"https:\/\/agora.xtec.cat\/iesguindavols\/wp-json\/"}],"wp:attachment":[{"href":"https:\/\/agora.xtec.cat\/iesguindavols\/wp-json\/wp\/v2\/media?parent=63955"}],"wp:term":[{"taxonomy":"category","embeddable":true,"href":"https:\/\/agora.xtec.cat\/iesguindavols\/wp-json\/wp\/v2\/categories?post=63955"},{"taxonomy":"post_tag","embeddable":true,"href":"https:\/\/agora.xtec.cat\/iesguindavols\/wp-json\/wp\/v2\/tags?post=63955"}],"curies":[{"name":"wp","href":"https:\/\/api.w.org\/{rel}","templated":true}]}}