{"id":63831,"date":"2021-04-27T12:42:06","date_gmt":"2021-04-27T12:42:06","guid":{"rendered":"https:\/\/portal.institutguindavols.cat\/?p=63831"},"modified":"2021-04-27T12:42:06","modified_gmt":"2021-04-27T12:42:06","slug":"primera-jornada-geografica-de-recerca","status":"publish","type":"post","link":"https:\/\/agora.xtec.cat\/iesguindavols\/general\/primera-jornada-geografica-de-recerca\/","title":{"rendered":"Primera Jornada Geogr\u00e0fica de Recerca"},"content":{"rendered":"\n<p>\n\n\n\n\n\n\n\n\n\n\n\n\n\n\n\n22\/04\/2021 \n\n\n\n<\/p>\n\n\n\n<p>Els alumnes de 2n de batxillerat van participar telem\u00e0ticament a la primera Jornada Geogr\u00e0fica de Recerca organitzada pel grup de treball <em>Geografia en Xarxa<\/em> i la UdL.<\/p>\n\n\n\n<p>L\u2019activitat va consistir en dues confer\u00e8ncies:<\/p>\n\n\n\n<p><em>Ciutat&nbsp; i COVID\u201d, a<\/em> c\u00e0rrec de la ge\u00f2grafa Carme Bellet, Catedr\u00e0tica de Geografia Humana de la UdL.<\/p>\n\n\n\n<p><em>El cas de l\u2019eix comercial de Lleida, <\/em>a c\u00e0rrec del ge\u00f2graf Jaume Maci\u00e0 de la UdL.<br><\/p>\n\n\n\n<p>L\u2019activitat anava encaminada a fer reflexionar els alumnes sobre l\u2019impacte del COVID en les nostres ciutats, tenint en compte la perspectiva geogr\u00e0fica. Un tema d\u2019actualitat i que permetr\u00e0 als alumnes fer-se preguntes i intentar buscar respostes des d\u2019un punt de vista cient\u00edfic.&nbsp; <br><\/p>\n","protected":false},"excerpt":{"rendered":"<p>22\/04\/2021 <\/p>\n<p>Els alumnes de 2n de batxillerat van participar telem\u00e0ticament a la primera Jornada Geogr\u00e0fica de Recerca organitzada pel grup de treball Geografia en Xarxa i la UdL.<\/p>\n<p>L\u2019activitat va consistir en dues confer\u00e8ncies:<\/p>\n<p>Ciutat&nbsp; i COVID\u201d, a c\u00e0rrec de la ge\u00f2grafa Carme Bellet, Catedr\u00e0tica de Geografia&hellip;  <a href=\"https:\/\/agora.xtec.cat\/iesguindavols\/general\/primera-jornada-geografica-de-recerca\/\" title=\"Read Primera Jornada Geogr\u00e0fica de Recerca\">Llegeix m\u00e9s\u00bb<\/a><\/p>\n","protected":false},"author":5,"featured_media":63832,"comment_status":"closed","ping_status":"closed","sticky":false,"template":"","format":"standard","meta":{"_bbp_topic_count":0,"_bbp_reply_count":0,"_bbp_total_topic_count":0,"_bbp_total_reply_count":0,"_bbp_voice_count":0,"_bbp_anonymous_reply_count":0,"_bbp_topic_count_hidden":0,"_bbp_reply_count_hidden":0,"_bbp_forum_subforum_count":0,"footnotes":""},"categories":[1],"tags":[],"class_list":["post-63831","post","type-post","status-publish","format-standard","has-post-thumbnail","hentry","category-general"],"post_mailing_queue_ids":[],"_links":{"self":[{"href":"https:\/\/agora.xtec.cat\/iesguindavols\/wp-json\/wp\/v2\/posts\/63831","targetHints":{"allow":["GET"]}}],"collection":[{"href":"https:\/\/agora.xtec.cat\/iesguindavols\/wp-json\/wp\/v2\/posts"}],"about":[{"href":"https:\/\/agora.xtec.cat\/iesguindavols\/wp-json\/wp\/v2\/types\/post"}],"author":[{"embeddable":true,"href":"https:\/\/agora.xtec.cat\/iesguindavols\/wp-json\/wp\/v2\/users\/5"}],"replies":[{"embeddable":true,"href":"https:\/\/agora.xtec.cat\/iesguindavols\/wp-json\/wp\/v2\/comments?post=63831"}],"version-history":[{"count":0,"href":"https:\/\/agora.xtec.cat\/iesguindavols\/wp-json\/wp\/v2\/posts\/63831\/revisions"}],"wp:featuredmedia":[{"embeddable":true,"href":"https:\/\/agora.xtec.cat\/iesguindavols\/wp-json\/"}],"wp:attachment":[{"href":"https:\/\/agora.xtec.cat\/iesguindavols\/wp-json\/wp\/v2\/media?parent=63831"}],"wp:term":[{"taxonomy":"category","embeddable":true,"href":"https:\/\/agora.xtec.cat\/iesguindavols\/wp-json\/wp\/v2\/categories?post=63831"},{"taxonomy":"post_tag","embeddable":true,"href":"https:\/\/agora.xtec.cat\/iesguindavols\/wp-json\/wp\/v2\/tags?post=63831"}],"curies":[{"name":"wp","href":"https:\/\/api.w.org\/{rel}","templated":true}]}}