{"id":63798,"date":"2021-04-20T19:59:33","date_gmt":"2021-04-20T19:59:33","guid":{"rendered":"https:\/\/portal.institutguindavols.cat\/?p=63798"},"modified":"2021-04-20T19:59:33","modified_gmt":"2021-04-20T19:59:33","slug":"meteorologia-i-contaminacio","status":"publish","type":"post","link":"https:\/\/agora.xtec.cat\/iesguindavols\/general\/meteorologia-i-contaminacio\/","title":{"rendered":"Meteorologia i contaminaci\u00f3"},"content":{"rendered":"\n<p>&#8220;Avui, l\u2019Albert Borr\u00e0s, Director de l&#8217;Observatori de Pujalt, i dins del marc del Mercat de Tecnologia 2021 (13a edici\u00f3) ha impartit el taller \u201cLa meteorologia i la contaminaci\u00f3\u201d a l\u2019alumnat de 3r d\u2019ESO de l\u2019Institut Guind\u00e0vols. El taller s\u2019ha basat en senzills experiments per mostrar n\u00favols amb i sense contaminaci\u00f3 atmosf\u00e8rica, la inversi\u00f3 t\u00e8rmica a l\u2019atmosfera, un hurac\u00e0 i les conseq\u00fc\u00e8ncies de la baixa pressi\u00f3 sobre el nivell dels oceans. Tot aix\u00f2, utilitzant materials d\u2019\u00fas com\u00fa per mostrar diferents fen\u00f2mens atmosf\u00e8rics, tipus de contaminaci\u00f3 i com afecten al nostre planeta.<br> L\u2019alumnat ha estat molt atent, participatiu, ha formulat bones preguntes i, per acabar, ha agra\u00eft la presentaci\u00f3 de l\u2019Albert amb un bon aplaudiment.&#8221;<\/p>\n\n\n\n<figure class=\"wp-block-embed-youtube wp-block-embed is-type-video is-provider-youtube wp-embed-aspect-16-9 wp-has-aspect-ratio\"><div class=\"wp-block-embed__wrapper\">\n<iframe loading=\"lazy\" title=\"Taller meteorologia - Institut Guind\u00e0vols\" width=\"500\" height=\"281\" src=\"https:\/\/www.youtube.com\/embed\/ERL5wt1vaNE?feature=oembed\" frameborder=\"0\" allow=\"accelerometer; autoplay; clipboard-write; encrypted-media; gyroscope; picture-in-picture; web-share\" referrerpolicy=\"strict-origin-when-cross-origin\" allowfullscreen><\/iframe>\n<\/div><\/figure>\n","protected":false},"excerpt":{"rendered":"<p>&#8220;Avui, l\u2019Albert Borr\u00e0s, Director de l&#8217;Observatori de Pujalt, i dins del marc del Mercat de Tecnologia 2021 (13a edici\u00f3) ha impartit el taller \u201cLa meteorologia i la contaminaci\u00f3\u201d a l\u2019alumnat de 3r d\u2019ESO de l\u2019Institut Guind\u00e0vols. El taller s\u2019ha basat en senzills experiments per mostrar&hellip;  <a href=\"https:\/\/agora.xtec.cat\/iesguindavols\/general\/meteorologia-i-contaminacio\/\" title=\"Read Meteorologia i contaminaci\u00f3\">Llegeix m\u00e9s\u00bb<\/a><\/p>\n","protected":false},"author":1,"featured_media":63800,"comment_status":"closed","ping_status":"closed","sticky":false,"template":"","format":"standard","meta":{"_bbp_topic_count":0,"_bbp_reply_count":0,"_bbp_total_topic_count":0,"_bbp_total_reply_count":0,"_bbp_voice_count":0,"_bbp_anonymous_reply_count":0,"_bbp_topic_count_hidden":0,"_bbp_reply_count_hidden":0,"_bbp_forum_subforum_count":0,"footnotes":""},"categories":[110,1,169],"tags":[],"class_list":["post-63798","post","type-post","status-publish","format-standard","has-post-thumbnail","hentry","category-eso-al-guindavols","category-general","category-tecnologia"],"post_mailing_queue_ids":[],"_links":{"self":[{"href":"https:\/\/agora.xtec.cat\/iesguindavols\/wp-json\/wp\/v2\/posts\/63798","targetHints":{"allow":["GET"]}}],"collection":[{"href":"https:\/\/agora.xtec.cat\/iesguindavols\/wp-json\/wp\/v2\/posts"}],"about":[{"href":"https:\/\/agora.xtec.cat\/iesguindavols\/wp-json\/wp\/v2\/types\/post"}],"author":[{"embeddable":true,"href":"https:\/\/agora.xtec.cat\/iesguindavols\/wp-json\/wp\/v2\/users\/1"}],"replies":[{"embeddable":true,"href":"https:\/\/agora.xtec.cat\/iesguindavols\/wp-json\/wp\/v2\/comments?post=63798"}],"version-history":[{"count":0,"href":"https:\/\/agora.xtec.cat\/iesguindavols\/wp-json\/wp\/v2\/posts\/63798\/revisions"}],"wp:featuredmedia":[{"embeddable":true,"href":"https:\/\/agora.xtec.cat\/iesguindavols\/wp-json\/"}],"wp:attachment":[{"href":"https:\/\/agora.xtec.cat\/iesguindavols\/wp-json\/wp\/v2\/media?parent=63798"}],"wp:term":[{"taxonomy":"category","embeddable":true,"href":"https:\/\/agora.xtec.cat\/iesguindavols\/wp-json\/wp\/v2\/categories?post=63798"},{"taxonomy":"post_tag","embeddable":true,"href":"https:\/\/agora.xtec.cat\/iesguindavols\/wp-json\/wp\/v2\/tags?post=63798"}],"curies":[{"name":"wp","href":"https:\/\/api.w.org\/{rel}","templated":true}]}}