{"id":63671,"date":"2021-04-24T09:28:41","date_gmt":"2021-04-24T09:28:41","guid":{"rendered":"https:\/\/portal.institutguindavols.cat\/?p=63671"},"modified":"2021-04-24T09:28:41","modified_gmt":"2021-04-24T09:28:41","slug":"la-diada-de-sant-jordi-ens-engresca","status":"publish","type":"post","link":"https:\/\/agora.xtec.cat\/iesguindavols\/general\/la-diada-de-sant-jordi-ens-engresca\/","title":{"rendered":"La diada de Sant Jordi ens engresca!"},"content":{"rendered":"\n<p>Divendres 23 d\u2019abril, a l\u2019institut Guind\u00e0vols vam celebrar\nSant Jordi. Vam fer activitats diverses i variades que van comen\u00e7ar amb un recordatori,\nper al personal que hi portem m\u00e9s anys, &nbsp;i presentaci\u00f3 per a molt professorat i alumnat\nm\u00e9s nou, de la professora Carme Ribes, una companya de Llengua Castellana que\nens va deixar, v\u00edctima d\u2019una malaltia, fa 21 anys i que, d\u2019aleshores en\u00e7\u00e0, &nbsp;dona nom al premi literari del centre.<\/p>\n\n\n\n<p>A m\u00e9s a m\u00e9s,&nbsp; vam fer lectures comunit\u00e0ries, roses reciclades, cal\u00b7ligrames, decoracions po\u00e8tiques,  recitacions i dedicat\u00f2ries de roses.<\/p>\n\n\n\n<p style=\"text-align:left\">La implicaci\u00f3 de tota la comunitat educativa va ser va aconseguir que la festa fos molt llu\u00efda.<\/p>\n\n\n\n<p>Feli\u00e7 diada de Sant Jordi per a tothom!<\/p>\n\n\n","protected":false},"excerpt":{"rendered":"<p>Divendres 23 d\u2019abril, a l\u2019institut Guind\u00e0vols vam celebrar<br \/>\nSant Jordi. Vam fer activitats diverses i variades que van comen\u00e7ar amb un recordatori,<br \/>\nper al personal que hi portem m\u00e9s anys, &nbsp;i presentaci\u00f3 per a molt professorat i alumnat<br \/>\nm\u00e9s nou, de la professora Carme Ribes, una companya de&hellip;  <a href=\"https:\/\/agora.xtec.cat\/iesguindavols\/general\/la-diada-de-sant-jordi-ens-engresca\/\" title=\"Read La diada de Sant Jordi ens engresca!\">Llegeix m\u00e9s\u00bb<\/a><\/p>\n","protected":false},"author":1,"featured_media":63674,"comment_status":"closed","ping_status":"closed","sticky":false,"template":"","format":"standard","meta":{"_bbp_topic_count":0,"_bbp_reply_count":0,"_bbp_total_topic_count":0,"_bbp_total_reply_count":0,"_bbp_voice_count":0,"_bbp_anonymous_reply_count":0,"_bbp_topic_count_hidden":0,"_bbp_reply_count_hidden":0,"_bbp_forum_subforum_count":0,"footnotes":""},"categories":[1],"tags":[],"class_list":["post-63671","post","type-post","status-publish","format-standard","has-post-thumbnail","hentry","category-general"],"post_mailing_queue_ids":[],"_links":{"self":[{"href":"https:\/\/agora.xtec.cat\/iesguindavols\/wp-json\/wp\/v2\/posts\/63671","targetHints":{"allow":["GET"]}}],"collection":[{"href":"https:\/\/agora.xtec.cat\/iesguindavols\/wp-json\/wp\/v2\/posts"}],"about":[{"href":"https:\/\/agora.xtec.cat\/iesguindavols\/wp-json\/wp\/v2\/types\/post"}],"author":[{"embeddable":true,"href":"https:\/\/agora.xtec.cat\/iesguindavols\/wp-json\/wp\/v2\/users\/1"}],"replies":[{"embeddable":true,"href":"https:\/\/agora.xtec.cat\/iesguindavols\/wp-json\/wp\/v2\/comments?post=63671"}],"version-history":[{"count":0,"href":"https:\/\/agora.xtec.cat\/iesguindavols\/wp-json\/wp\/v2\/posts\/63671\/revisions"}],"wp:featuredmedia":[{"embeddable":true,"href":"https:\/\/agora.xtec.cat\/iesguindavols\/wp-json\/"}],"wp:attachment":[{"href":"https:\/\/agora.xtec.cat\/iesguindavols\/wp-json\/wp\/v2\/media?parent=63671"}],"wp:term":[{"taxonomy":"category","embeddable":true,"href":"https:\/\/agora.xtec.cat\/iesguindavols\/wp-json\/wp\/v2\/categories?post=63671"},{"taxonomy":"post_tag","embeddable":true,"href":"https:\/\/agora.xtec.cat\/iesguindavols\/wp-json\/wp\/v2\/tags?post=63671"}],"curies":[{"name":"wp","href":"https:\/\/api.w.org\/{rel}","templated":true}]}}