{"id":63661,"date":"2021-04-21T20:47:51","date_gmt":"2021-04-21T20:47:51","guid":{"rendered":"https:\/\/portal.institutguindavols.cat\/?p=63661"},"modified":"2021-04-21T20:47:51","modified_gmt":"2021-04-21T20:47:51","slug":"exposicio-carme-ribes","status":"publish","type":"post","link":"https:\/\/agora.xtec.cat\/iesguindavols\/general\/exposicio-carme-ribes\/","title":{"rendered":"Exposici\u00f3 Carme Ribes"},"content":{"rendered":"\n<p>Carme Ribes, nascuda a Alcarr\u00e0s\nel 1954 va ser professora de llengua i literatura castellanes a l\u2019Institut\nGuind\u00e0vols de Lleida. Aquesta no era la seva especialitat, per\u00f2 s\u00ed que era el\nque m\u00e9s li agradava i la mat\u00e8ria per la qual professava una estima i una passi\u00f3\nincre\u00efbles.<\/p>\n\n\n\n<p>Despr\u00e9s de la seva mort el\nprofessorat del centre va decidir convocar el premi literari que porta el seu\nnom i del qual ja hem realitzat 21 edicions.<\/p>\n\n\n\n<p>Des del principi s\u2019ha mantingut\nquasi sempre el format: un relat curt en format epistolar. <\/p>\n\n\n\n<p>El proper dia de Sant Jordi\ninaugurem en el hall de l\u2019Institut una exposici\u00f3 en la que pretenem explicar\nqui era la nostra companya Carme Ribes i la hist\u00f2ria del premi literari que\nporta el seu nom. <\/p>\n\n\n\n<p>Vol\u00edem fer-ho per la XX edici\u00f3, per\u00f2\nla COVID-19 ho va fer impossible.<\/p>\n\n\n\n<figure class=\"wp-block-image\"><img decoding=\"async\" src=\"https:\/\/portal.institutguindavols.cat\/wp-content\/uploads\/CR2-1-724x1024.png\" alt=\"\" class=\"wp-image-63664\"\/><\/figure>\n","protected":false},"excerpt":{"rendered":"<p>Carme Ribes, nascuda a Alcarr\u00e0s<br \/>\nel 1954 va ser professora de llengua i literatura castellanes a l\u2019Institut<br \/>\nGuind\u00e0vols de Lleida. Aquesta no era la seva especialitat, per\u00f2 s\u00ed que era el<br \/>\nque m\u00e9s li agradava i la mat\u00e8ria per la qual professava una estima i una passi\u00f3<br \/>\nincre\u00efbles.<\/p>\n<p>Despr\u00e9s de&hellip;  <a href=\"https:\/\/agora.xtec.cat\/iesguindavols\/general\/exposicio-carme-ribes\/\" title=\"Read Exposici\u00f3 Carme Ribes\">Llegeix m\u00e9s\u00bb<\/a><\/p>\n","protected":false},"author":5,"featured_media":63662,"comment_status":"closed","ping_status":"closed","sticky":false,"template":"","format":"standard","meta":{"_bbp_topic_count":0,"_bbp_reply_count":0,"_bbp_total_topic_count":0,"_bbp_total_reply_count":0,"_bbp_voice_count":0,"_bbp_anonymous_reply_count":0,"_bbp_topic_count_hidden":0,"_bbp_reply_count_hidden":0,"_bbp_forum_subforum_count":0,"footnotes":""},"categories":[1],"tags":[],"class_list":["post-63661","post","type-post","status-publish","format-standard","has-post-thumbnail","hentry","category-general"],"post_mailing_queue_ids":[],"_links":{"self":[{"href":"https:\/\/agora.xtec.cat\/iesguindavols\/wp-json\/wp\/v2\/posts\/63661","targetHints":{"allow":["GET"]}}],"collection":[{"href":"https:\/\/agora.xtec.cat\/iesguindavols\/wp-json\/wp\/v2\/posts"}],"about":[{"href":"https:\/\/agora.xtec.cat\/iesguindavols\/wp-json\/wp\/v2\/types\/post"}],"author":[{"embeddable":true,"href":"https:\/\/agora.xtec.cat\/iesguindavols\/wp-json\/wp\/v2\/users\/5"}],"replies":[{"embeddable":true,"href":"https:\/\/agora.xtec.cat\/iesguindavols\/wp-json\/wp\/v2\/comments?post=63661"}],"version-history":[{"count":0,"href":"https:\/\/agora.xtec.cat\/iesguindavols\/wp-json\/wp\/v2\/posts\/63661\/revisions"}],"wp:featuredmedia":[{"embeddable":true,"href":"https:\/\/agora.xtec.cat\/iesguindavols\/wp-json\/"}],"wp:attachment":[{"href":"https:\/\/agora.xtec.cat\/iesguindavols\/wp-json\/wp\/v2\/media?parent=63661"}],"wp:term":[{"taxonomy":"category","embeddable":true,"href":"https:\/\/agora.xtec.cat\/iesguindavols\/wp-json\/wp\/v2\/categories?post=63661"},{"taxonomy":"post_tag","embeddable":true,"href":"https:\/\/agora.xtec.cat\/iesguindavols\/wp-json\/wp\/v2\/tags?post=63661"}],"curies":[{"name":"wp","href":"https:\/\/api.w.org\/{rel}","templated":true}]}}