{"id":63122,"date":"2021-02-08T15:16:24","date_gmt":"2021-02-08T15:16:24","guid":{"rendered":"https:\/\/portal.institutguindavols.cat\/?p=63122"},"modified":"2021-02-08T15:16:24","modified_gmt":"2021-02-08T15:16:24","slug":"iv-jornada-de-recerca-guindavols-2","status":"publish","type":"post","link":"https:\/\/agora.xtec.cat\/iesguindavols\/general\/iv-jornada-de-recerca-guindavols-2\/","title":{"rendered":"IV Jornada de recerca Guind\u00e0vols"},"content":{"rendered":"\n<p>Divendres 5 de febrer el\nnostre alumnat de 1r BATX&nbsp; va participar a&nbsp;&nbsp;<em><strong>IV Jornada de Recerca Guind\u00e0vols<\/strong><\/em>,\ndurant la qual va tenir l\u2019oportunitat d\u2019assistir a les exposicions d\u2019alguns\ntreballs de recerca que companys i companyes seves de 2n de Batxillerat han\nrealitzat aquest curs, a fi de con\u00e8ixer de primera m\u00e0 i amb exemples concrets\ncom es fa una recerca en diferents \u00e0mbits tem\u00e0tics. Concretament els treballs\nexposats van ser:<\/p>\n\n\n\n<p>Aina Alabart Angl\u00e8s, <em>2020: Dona i h\u00e0bits esportius a\nLleida<\/em><\/p>\n\n\n\n<p>Alba Alonso Zapata, <em>Estudi sobre els trastorns de\nconducta aliment\u00e0ria en adolescents (TCA)<\/em><\/p>\n\n\n\n<p>Maite Boluda Ruiz de\nLoizaga, <em>Temps de coronavirus. Estudi de l\u2019afectaci\u00f3 del\nSars CoV-2 en els joves<\/em><em><\/em><\/p>\n\n\n\n<p>Clementina Coll Cabas\u00e9s, <em>Disseny i creaci\u00f3 d\u2019una marca\nde roba<\/em><\/p>\n\n\n\n<p>Aina L\u00f3pez Puig, <em>L\u2019educaci\u00f3 i les altes capacitats<\/em><\/p>\n\n\n\n<p>Julia Wiktoria Mazur, <em>El fanal h\u00edbrid.\nViabilitat de l\u2019aprofitament d\u2019energies renovables a la ciutat<\/em><\/p>\n\n\n\n<p>Kaoutar Mhirou, <em>Acomiadant Cupidell<\/em><\/p>\n\n\n\n<p>Abel P\u00e9rez Salvia, <em>El m\u00f3n de\nJulia i Mandelbrot<\/em><\/p>\n\n\n\n<p>Miguel R\u00edo Cuito, <em>Sistema aut\u00f2nom de reg optimitzat<\/em><\/p>\n\n\n\n<p>Miroslav Tatchyn, <em>Jardins verticals i els seus\nbeneficis ambientals<\/em><\/p>\n\n\n\n<p>Bel\u00e9n Vicente Cebri\u00e1n, <em>Estudi astrof\u00edsic del sol<\/em><\/p>\n\n\n\n<p>Despr\u00e9s de cada exposici\u00f3, l\u2019alumnat va poder intercanviar dubtes, experi\u00e8ncies i consells sobre qu\u00e8 significa fer el treball de recerca i com assolir els millors resultats i endinsar-se en el m\u00f3n de la investigaci\u00f3. <\/p>\n\n\n\n[ngg src=&#8221;galleries&#8221; ids=&#8221;549&#8243; display=&#8221;basic_slideshow&#8221;]\n","protected":false},"excerpt":{"rendered":"<p>Divendres 5 de febrer el<br \/>\nnostre alumnat de 1r BATX&nbsp; va participar a&nbsp;&nbsp;IV Jornada de Recerca Guind\u00e0vols,<br \/>\ndurant la qual va tenir l\u2019oportunitat d\u2019assistir a les exposicions d\u2019alguns<br \/>\ntreballs de recerca que companys i companyes seves de 2n de Batxillerat han<br \/>\nrealitzat aquest curs, a fi de con\u00e8ixer de&hellip;  <a href=\"https:\/\/agora.xtec.cat\/iesguindavols\/general\/iv-jornada-de-recerca-guindavols-2\/\" title=\"Read IV Jornada de recerca Guind\u00e0vols\">Llegeix m\u00e9s\u00bb<\/a><\/p>\n","protected":false},"author":4,"featured_media":63117,"comment_status":"closed","ping_status":"closed","sticky":false,"template":"","format":"standard","meta":{"_bbp_topic_count":0,"_bbp_reply_count":0,"_bbp_total_topic_count":0,"_bbp_total_reply_count":0,"_bbp_voice_count":0,"_bbp_anonymous_reply_count":0,"_bbp_topic_count_hidden":0,"_bbp_reply_count_hidden":0,"_bbp_forum_subforum_count":0,"footnotes":""},"categories":[1],"tags":[],"class_list":["post-63122","post","type-post","status-publish","format-standard","has-post-thumbnail","hentry","category-general"],"post_mailing_queue_ids":[],"_links":{"self":[{"href":"https:\/\/agora.xtec.cat\/iesguindavols\/wp-json\/wp\/v2\/posts\/63122","targetHints":{"allow":["GET"]}}],"collection":[{"href":"https:\/\/agora.xtec.cat\/iesguindavols\/wp-json\/wp\/v2\/posts"}],"about":[{"href":"https:\/\/agora.xtec.cat\/iesguindavols\/wp-json\/wp\/v2\/types\/post"}],"author":[{"embeddable":true,"href":"https:\/\/agora.xtec.cat\/iesguindavols\/wp-json\/wp\/v2\/users\/4"}],"replies":[{"embeddable":true,"href":"https:\/\/agora.xtec.cat\/iesguindavols\/wp-json\/wp\/v2\/comments?post=63122"}],"version-history":[{"count":0,"href":"https:\/\/agora.xtec.cat\/iesguindavols\/wp-json\/wp\/v2\/posts\/63122\/revisions"}],"wp:featuredmedia":[{"embeddable":true,"href":"https:\/\/agora.xtec.cat\/iesguindavols\/wp-json\/"}],"wp:attachment":[{"href":"https:\/\/agora.xtec.cat\/iesguindavols\/wp-json\/wp\/v2\/media?parent=63122"}],"wp:term":[{"taxonomy":"category","embeddable":true,"href":"https:\/\/agora.xtec.cat\/iesguindavols\/wp-json\/wp\/v2\/categories?post=63122"},{"taxonomy":"post_tag","embeddable":true,"href":"https:\/\/agora.xtec.cat\/iesguindavols\/wp-json\/wp\/v2\/tags?post=63122"}],"curies":[{"name":"wp","href":"https:\/\/api.w.org\/{rel}","templated":true}]}}