{"id":62964,"date":"2020-12-21T10:49:29","date_gmt":"2020-12-21T10:49:29","guid":{"rendered":"https:\/\/portal.institutguindavols.cat\/?p=62964"},"modified":"2020-12-21T10:49:29","modified_gmt":"2020-12-21T10:49:29","slug":"dos-treballs-finalistes-al-premio-nacional-don-bosco","status":"publish","type":"post","link":"https:\/\/agora.xtec.cat\/iesguindavols\/general\/dos-treballs-finalistes-al-premio-nacional-don-bosco\/","title":{"rendered":"Dos treballs finalistes al \u201cPremio Nacional Don Bosco&#8221;"},"content":{"rendered":"\n<p>Els Treballs de Recerca realitzats per les alumnes Omaima el  Gourch, i  Belen Vicente,  han estat seleccionats per participar a la final de la 34a edici\u00f3 del &#8221; Premio Nacional Don Bosco.&#8221;<\/p>\n\n\n\n<p>Els t\u00edtols dels TdR s\u00f3n &#8220;Handicapped people and their difficulties&#8221;,  i &#8221; Estudi astrof\u00edsic del Sol&#8221;, Els projectes de recerca han estat tutorizats per Rosa Borrell i Anicet Cosialls.<\/p>\n\n\n\n<p>La final, aquest any ser\u00e0 telem\u00e0tica i les alumnes hauran d&#8217;exposar les seves recerques al jurat durant el mes de mar\u00e7 de 2021.<\/p>\n\n\n\n<p>Trobareu m\u00e9s informaci\u00f3 del concurs a:<br>\nhttps:\/\/zaragoza.salesianos.edu\/premiodonbosco\/<\/p>\n\n\n\n<p>Moltes felicitacions a les finalistes i bona  sort.<\/p>\n\n\n\n<figure class=\"wp-block-image\"><img decoding=\"async\" src=\"https:\/\/portal.institutguindavols.cat\/wp-content\/uploads\/Anicet-y-Bel\u00e9n-1024x768.jpg\" alt=\"\" class=\"wp-image-62966\"\/><\/figure>\n","protected":false},"excerpt":{"rendered":"<p>Els Treballs de Recerca realitzats per les alumnes Omaima el  Gourch, i  Belen Vicente,  han estat seleccionats per participar a la final de la 34a edici\u00f3 del &#8221; Premio Nacional Don Bosco.&#8221;<\/p>\n<p>Els t\u00edtols dels TdR s\u00f3n &#8220;Handicapped people and their difficulties&#8221;, &hellip;  <a href=\"https:\/\/agora.xtec.cat\/iesguindavols\/general\/dos-treballs-finalistes-al-premio-nacional-don-bosco\/\" title=\"Read Dos treballs finalistes al \u201cPremio Nacional Don Bosco&#8221;\">Llegeix m\u00e9s\u00bb<\/a><\/p>\n","protected":false},"author":5,"featured_media":62970,"comment_status":"closed","ping_status":"closed","sticky":false,"template":"","format":"standard","meta":{"_bbp_topic_count":0,"_bbp_reply_count":0,"_bbp_total_topic_count":0,"_bbp_total_reply_count":0,"_bbp_voice_count":0,"_bbp_anonymous_reply_count":0,"_bbp_topic_count_hidden":0,"_bbp_reply_count_hidden":0,"_bbp_forum_subforum_count":0,"footnotes":""},"categories":[1],"tags":[],"class_list":["post-62964","post","type-post","status-publish","format-standard","has-post-thumbnail","hentry","category-general"],"post_mailing_queue_ids":[],"_links":{"self":[{"href":"https:\/\/agora.xtec.cat\/iesguindavols\/wp-json\/wp\/v2\/posts\/62964","targetHints":{"allow":["GET"]}}],"collection":[{"href":"https:\/\/agora.xtec.cat\/iesguindavols\/wp-json\/wp\/v2\/posts"}],"about":[{"href":"https:\/\/agora.xtec.cat\/iesguindavols\/wp-json\/wp\/v2\/types\/post"}],"author":[{"embeddable":true,"href":"https:\/\/agora.xtec.cat\/iesguindavols\/wp-json\/wp\/v2\/users\/5"}],"replies":[{"embeddable":true,"href":"https:\/\/agora.xtec.cat\/iesguindavols\/wp-json\/wp\/v2\/comments?post=62964"}],"version-history":[{"count":0,"href":"https:\/\/agora.xtec.cat\/iesguindavols\/wp-json\/wp\/v2\/posts\/62964\/revisions"}],"wp:featuredmedia":[{"embeddable":true,"href":"https:\/\/agora.xtec.cat\/iesguindavols\/wp-json\/"}],"wp:attachment":[{"href":"https:\/\/agora.xtec.cat\/iesguindavols\/wp-json\/wp\/v2\/media?parent=62964"}],"wp:term":[{"taxonomy":"category","embeddable":true,"href":"https:\/\/agora.xtec.cat\/iesguindavols\/wp-json\/wp\/v2\/categories?post=62964"},{"taxonomy":"post_tag","embeddable":true,"href":"https:\/\/agora.xtec.cat\/iesguindavols\/wp-json\/wp\/v2\/tags?post=62964"}],"curies":[{"name":"wp","href":"https:\/\/api.w.org\/{rel}","templated":true}]}}