{"id":62887,"date":"2020-12-10T15:13:48","date_gmt":"2020-12-10T15:13:48","guid":{"rendered":"https:\/\/portal.institutguindavols.cat\/?p=62887"},"modified":"2020-12-10T15:13:48","modified_gmt":"2020-12-10T15:13:48","slug":"emprenedores-als-premis-e2-de-globalleida","status":"publish","type":"post","link":"https:\/\/agora.xtec.cat\/iesguindavols\/general\/emprenedores-als-premis-e2-de-globalleida\/","title":{"rendered":"Emprenedores als Premis E2 de Globalleida"},"content":{"rendered":"\n<p>L&#8217;equip d&#8217;emprenedores format per les alumnes Paula Codina, Andrea Guerrero, Ana\u00efs Jov\u00e9 i N\u00faria Capdevila han assolit un acc\u00e8sit a la categoria d&#8217;ESO dels Premis E2 que convoca Globalleida amb el suport del Departament d&#8217;Educaci\u00f3.<\/p>\n\n\n\n<p>El premi ha estat pel seu projecte AMIKO una nova app dedicada a donar suport especialitzat a joves amb problemes emocionals i de salut mental. L&#8217;app genera un seguiment de l&#8217;estat, assessorament especialitzat i una xarxa social de suport i de rescat en cas d&#8217;emerg\u00e8ncia.<\/p>\n\n\n\n<p>Ha estat un treball elaborat en la mat\u00e8ria de 4t d&#8217;ESO d&#8217;Economia i emprenedoria i tutoritzat pel professor Antoni Vila. Malgrat el confinament l&#8217;equip va seguir treballant per finalitzar el projecte i poder participar en aquests premis.<\/p>\n\n\n\n<p>Els Premis E2 guardonen els millors projectes emprenedors d&#8217;ESO, Batxillerat, plans de transici\u00f3 i Cicles Formatius de Grau Mitj\u00e0 i Superior de les comarques de Lleida. La cerim\u00f2nia, celebrada amb les pertinents mesures de protecci\u00f3, s&#8217;ha fet a la sala d&#8217;actes de Mercolleida i s&#8217;ha retransm\u00e8s en directe per Youtube.<\/p>\n\n\n\n<p>L&#8217;enhorabona a totes quatre pel fruit de tantes hores d&#8217;esfor\u00e7 &#8220;confinat&#8221;<\/p>\n\n\n\n[ngg src=&#8221;galleries&#8221; ids=&#8221;547&#8243; display=&#8221;basic_imagebrowser&#8221;]\n","protected":false},"excerpt":{"rendered":"<p>L&#8217;equip d&#8217;emprenedores format per les alumnes Paula Codina, Andrea Guerrero, Ana\u00efs Jov\u00e9 i N\u00faria Capdevila han assolit un acc\u00e8sit a la categoria d&#8217;ESO dels Premis E2 que convoca Globalleida amb el suport del Departament d&#8217;Educaci\u00f3.<\/p>\n<p>El premi ha estat pel seu projecte AMIKO una nova app&hellip;  <a href=\"https:\/\/agora.xtec.cat\/iesguindavols\/general\/emprenedores-als-premis-e2-de-globalleida\/\" title=\"Read Emprenedores als Premis E2 de Globalleida\">Llegeix m\u00e9s\u00bb<\/a><\/p>\n","protected":false},"author":1,"featured_media":62899,"comment_status":"closed","ping_status":"closed","sticky":false,"template":"","format":"standard","meta":{"_bbp_topic_count":0,"_bbp_reply_count":0,"_bbp_total_topic_count":0,"_bbp_total_reply_count":0,"_bbp_voice_count":0,"_bbp_anonymous_reply_count":0,"_bbp_topic_count_hidden":0,"_bbp_reply_count_hidden":0,"_bbp_forum_subforum_count":0,"footnotes":""},"categories":[1],"tags":[],"class_list":["post-62887","post","type-post","status-publish","format-standard","has-post-thumbnail","hentry","category-general"],"post_mailing_queue_ids":[],"_links":{"self":[{"href":"https:\/\/agora.xtec.cat\/iesguindavols\/wp-json\/wp\/v2\/posts\/62887","targetHints":{"allow":["GET"]}}],"collection":[{"href":"https:\/\/agora.xtec.cat\/iesguindavols\/wp-json\/wp\/v2\/posts"}],"about":[{"href":"https:\/\/agora.xtec.cat\/iesguindavols\/wp-json\/wp\/v2\/types\/post"}],"author":[{"embeddable":true,"href":"https:\/\/agora.xtec.cat\/iesguindavols\/wp-json\/wp\/v2\/users\/1"}],"replies":[{"embeddable":true,"href":"https:\/\/agora.xtec.cat\/iesguindavols\/wp-json\/wp\/v2\/comments?post=62887"}],"version-history":[{"count":0,"href":"https:\/\/agora.xtec.cat\/iesguindavols\/wp-json\/wp\/v2\/posts\/62887\/revisions"}],"wp:featuredmedia":[{"embeddable":true,"href":"https:\/\/agora.xtec.cat\/iesguindavols\/wp-json\/"}],"wp:attachment":[{"href":"https:\/\/agora.xtec.cat\/iesguindavols\/wp-json\/wp\/v2\/media?parent=62887"}],"wp:term":[{"taxonomy":"category","embeddable":true,"href":"https:\/\/agora.xtec.cat\/iesguindavols\/wp-json\/wp\/v2\/categories?post=62887"},{"taxonomy":"post_tag","embeddable":true,"href":"https:\/\/agora.xtec.cat\/iesguindavols\/wp-json\/wp\/v2\/tags?post=62887"}],"curies":[{"name":"wp","href":"https:\/\/api.w.org\/{rel}","templated":true}]}}