{"id":62838,"date":"2020-11-19T11:19:04","date_gmt":"2020-11-19T11:19:04","guid":{"rendered":"https:\/\/portal.institutguindavols.cat\/?p=62838"},"modified":"2020-11-19T11:19:04","modified_gmt":"2020-11-19T11:19:04","slug":"ciencia-en-primera-persona","status":"publish","type":"post","link":"https:\/\/agora.xtec.cat\/iesguindavols\/general\/ciencia-en-primera-persona\/","title":{"rendered":"Ci\u00e8ncia en primera persona"},"content":{"rendered":"\n<p>Seguim amb la  25a Setmana de la Ci\u00e8ncia a l\u2019Institut Guind\u00e0vols. Avui hem concl\u00f2s els reptes plantejats per  Ci\u00e8ncia en primera persona seguint en directe tres confer\u00e8ncies: <\/p>\n\n\n\n<ul class=\"wp-block-list\"><li>l\u2019alumnat de 3r d\u2019ESO a l\u2019epidemi\u00f2loga Nat\u00e0lia Rodr\u00edguez <\/li><\/ul>\n\n\n\n<ul class=\"wp-block-gallery columns-1 is-cropped wp-block-gallery-1 is-layout-flex wp-block-gallery-is-layout-flex\"><li class=\"blocks-gallery-item\"><figure><img decoding=\"async\" src=\"https:\/\/portal.institutguindavols.cat\/wp-content\/uploads\/Ci\u00e8ncia-en-1a-persona-3r.jpg\" alt=\"\" data-id=\"62844\" data-link=\"https:\/\/portal.institutguindavols.cat\/?attachment_id=62844\" class=\"wp-image-62844\"\/><figcaption>Epidemiologia 3r ESO<\/figcaption><\/figure><\/li><\/ul>\n\n\n\n<ul class=\"wp-block-gallery columns-2 is-cropped wp-block-gallery-2 is-layout-flex wp-block-gallery-is-layout-flex\"><li class=\"blocks-gallery-item\"><figure><img decoding=\"async\" src=\"https:\/\/portal.institutguindavols.cat\/wp-content\/uploads\/3r-ESO-Epidemiologia_1.gif\" alt=\"\" data-id=\"62853\" data-link=\"https:\/\/portal.institutguindavols.cat\/3r-eso-epidemiologia_1\/\" class=\"wp-image-62853\"\/><figcaption>Recerques de 3r ESO B<\/figcaption><\/figure><\/li><li class=\"blocks-gallery-item\"><figure><img decoding=\"async\" src=\"https:\/\/portal.institutguindavols.cat\/wp-content\/uploads\/3r-ESO-Epidemiologia_4.gif\" alt=\"\" data-id=\"62859\" data-link=\"https:\/\/portal.institutguindavols.cat\/3r-eso-epidemiologia_4\/\" class=\"wp-image-62859\"\/><\/figure><\/li><\/ul>\n\n\n\n<ul class=\"wp-block-gallery columns-2 is-cropped wp-block-gallery-3 is-layout-flex wp-block-gallery-is-layout-flex\"><li class=\"blocks-gallery-item\"><figure><img decoding=\"async\" src=\"https:\/\/portal.institutguindavols.cat\/wp-content\/uploads\/3r-ESO-Epidemiologia_2-2.gif\" alt=\"\" data-id=\"62858\" data-link=\"https:\/\/portal.institutguindavols.cat\/3r-eso-epidemiologia_2-2\/\" class=\"wp-image-62858\"\/><figcaption>Recerques de 3r ESO C<\/figcaption><\/figure><\/li><li class=\"blocks-gallery-item\"><figure><img decoding=\"async\" src=\"https:\/\/portal.institutguindavols.cat\/wp-content\/uploads\/3r-ESO-Epidemiologia_3-2.gif\" alt=\"\" data-id=\"62860\" data-link=\"https:\/\/portal.institutguindavols.cat\/3r-eso-epidemiologia_3-2\/\" class=\"wp-image-62860\"\/><\/figure><\/li><\/ul>\n\n\n\n<ul class=\"wp-block-list\"><li>l\u2019alumnat de 4t d\u2019ESO de CAMP a Silvia Lacorte en la seva confer\u00e8ncia sobre sostenibilitat <\/li><\/ul>\n\n\n\n<ul class=\"wp-block-gallery columns-1 is-cropped wp-block-gallery-4 is-layout-flex wp-block-gallery-is-layout-flex\"><li class=\"blocks-gallery-item\"><figure><img decoding=\"async\" src=\"https:\/\/portal.institutguindavols.cat\/wp-content\/uploads\/IMG-9542-1024x781.jpg\" alt=\"\" data-id=\"62842\" data-link=\"https:\/\/portal.institutguindavols.cat\/?attachment_id=62842\" class=\"wp-image-62842\"\/><figcaption>Silvia Lacorte Alumnat 4t ESO<\/figcaption><\/figure><\/li><\/ul>\n\n\n\n<ul class=\"wp-block-gallery columns-2 is-cropped wp-block-gallery-5 is-layout-flex wp-block-gallery-is-layout-flex\"><li class=\"blocks-gallery-item\"><figure><img decoding=\"async\" src=\"https:\/\/portal.institutguindavols.cat\/wp-content\/uploads\/IMG-20201029-132000-768x1024.jpg\" alt=\"\" data-id=\"62843\" class=\"wp-image-62843\"\/><figcaption>Alumnat de CAMP de 4t d&#8217;ESO<\/figcaption><\/figure><\/li><li class=\"blocks-gallery-item\"><figure><img decoding=\"async\" src=\"https:\/\/portal.institutguindavols.cat\/wp-content\/uploads\/20-21-25a-Setmana-de-la-Ci\u00e8ncia-31-1024x768.jpg\" alt=\"\" data-id=\"62864\" data-link=\"https:\/\/portal.institutguindavols.cat\/20-21-25a-setmana-de-la-ciencia-31\/\" class=\"wp-image-62864\"\/><figcaption>Alumnat de CAMP 4t d&#8217;ESO<\/figcaption><\/figure><\/li><\/ul>\n\n\n\n<ul class=\"wp-block-list\"><li> i l\u2019alumnat de Biologia de 1r de Batx. a la genetista de la UB Gemma Marfany.    <\/li><\/ul>\n\n\n\n<figure class=\"wp-block-image\"><img decoding=\"async\" src=\"https:\/\/portal.institutguindavols.cat\/wp-content\/uploads\/IMG-9540-1-1024x815.jpg\" alt=\"\" class=\"wp-image-62845\"\/><figcaption>Gemma Marfany genetista. 1r Batxillertat biologia <\/figcaption><\/figure>\n\n\n\n<ul class=\"wp-block-gallery columns-2 is-cropped wp-block-gallery-6 is-layout-flex wp-block-gallery-is-layout-flex\"><li class=\"blocks-gallery-item\"><figure><img decoding=\"async\" src=\"https:\/\/portal.institutguindavols.cat\/wp-content\/uploads\/FullSizeRender-3-1024x591.jpg\" alt=\"\" data-id=\"62840\" data-link=\"https:\/\/portal.institutguindavols.cat\/?attachment_id=62840\" class=\"wp-image-62840\"\/><\/figure><\/li><li class=\"blocks-gallery-item\"><figure><img decoding=\"async\" src=\"https:\/\/portal.institutguindavols.cat\/wp-content\/uploads\/FullSizeRender-2-1-1024x577.jpg\" alt=\"\" data-id=\"62839\" data-link=\"https:\/\/portal.institutguindavols.cat\/?attachment_id=62839\" class=\"wp-image-62839\"\/><figcaption>Carla G\u00fcell<\/figcaption><\/figure><\/li><\/ul>\n","protected":false},"excerpt":{"rendered":"<p>Seguim amb la  25a Setmana de la Ci\u00e8ncia a l\u2019Institut Guind\u00e0vols. Avui hem concl\u00f2s els reptes plantejats per  Ci\u00e8ncia en primera persona seguint en directe tres confer\u00e8ncies: <\/p>\n<ul class=\"wp-block-list\">\n<li>l\u2019alumnat de 3r d\u2019ESO a l\u2019epidemi\u00f2loga Nat\u00e0lia Rodr\u00edguez <\/li>\n<\/ul>\n<ul class=\"wp-block-gallery columns-1 is-cropped wp-block-gallery-7 is-layout-flex wp-block-gallery-is-layout-flex\"><li&hellip;  <a href=\"https:\/\/agora.xtec.cat\/iesguindavols\/general\/ciencia-en-primera-persona\/\" title=\"Read Ci\u00e8ncia en primera persona\">Llegeix m\u00e9s\u00bb<\/a><\/p>\n","protected":false},"author":1,"featured_media":62839,"comment_status":"closed","ping_status":"closed","sticky":false,"template":"","format":"standard","meta":{"_bbp_topic_count":0,"_bbp_reply_count":0,"_bbp_total_topic_count":0,"_bbp_total_reply_count":0,"_bbp_voice_count":0,"_bbp_anonymous_reply_count":0,"_bbp_topic_count_hidden":0,"_bbp_reply_count_hidden":0,"_bbp_forum_subforum_count":0,"footnotes":""},"categories":[1],"tags":[],"class_list":["post-62838","post","type-post","status-publish","format-standard","has-post-thumbnail","hentry","category-general"],"post_mailing_queue_ids":[],"_links":{"self":[{"href":"https:\/\/agora.xtec.cat\/iesguindavols\/wp-json\/wp\/v2\/posts\/62838","targetHints":{"allow":["GET"]}}],"collection":[{"href":"https:\/\/agora.xtec.cat\/iesguindavols\/wp-json\/wp\/v2\/posts"}],"about":[{"href":"https:\/\/agora.xtec.cat\/iesguindavols\/wp-json\/wp\/v2\/types\/post"}],"author":[{"embeddable":true,"href":"https:\/\/agora.xtec.cat\/iesguindavols\/wp-json\/wp\/v2\/users\/1"}],"replies":[{"embeddable":true,"href":"https:\/\/agora.xtec.cat\/iesguindavols\/wp-json\/wp\/v2\/comments?post=62838"}],"version-history":[{"count":0,"href":"https:\/\/agora.xtec.cat\/iesguindavols\/wp-json\/wp\/v2\/posts\/62838\/revisions"}],"wp:featuredmedia":[{"embeddable":true,"href":"https:\/\/agora.xtec.cat\/iesguindavols\/wp-json\/"}],"wp:attachment":[{"href":"https:\/\/agora.xtec.cat\/iesguindavols\/wp-json\/wp\/v2\/media?parent=62838"}],"wp:term":[{"taxonomy":"category","embeddable":true,"href":"https:\/\/agora.xtec.cat\/iesguindavols\/wp-json\/wp\/v2\/categories?post=62838"},{"taxonomy":"post_tag","embeddable":true,"href":"https:\/\/agora.xtec.cat\/iesguindavols\/wp-json\/wp\/v2\/tags?post=62838"}],"curies":[{"name":"wp","href":"https:\/\/api.w.org\/{rel}","templated":true}]}}