{"id":62817,"date":"2020-11-16T19:33:47","date_gmt":"2020-11-16T19:33:47","guid":{"rendered":"https:\/\/portal.institutguindavols.cat\/?p=62817"},"modified":"2020-11-16T19:33:47","modified_gmt":"2020-11-16T19:33:47","slug":"saps-que-respires","status":"publish","type":"post","link":"https:\/\/agora.xtec.cat\/iesguindavols\/general\/saps-que-respires\/","title":{"rendered":"Saps qu\u00e8 respires?"},"content":{"rendered":"\n<p>Aquest \u00e9s el t\u00edtol del micro-projecte que hem dissenyat per al nostre alumnat de 1r i 2n d&#8217;ESO en aquesta 25a Setmana de la Ci\u00e8ncia. <\/p>\n\n\n\n<p>Els hi hem plantejat una recerca sobre la qualitat de l&#8217;aire durant el confinament, estudiant com va incidir aquest per\u00edode en contaminants atmosf\u00e8rics com el mon\u00f2xid de carboni, els \u00f2xids de nitrogen, l&#8217;oz\u00f3 o les PM10.<\/p>\n\n\n\n<p>Sabran resoldre la recerca? Seran capa\u00e7os de fer propostes de gesti\u00f3 per al futur? El divendres 27 ho sabrem, quan presentin les seves conclusions per videoconfer\u00e8ncia.<\/p>\n\n\n\n<figure class=\"wp-block-image\"><img decoding=\"async\" src=\"https:\/\/portal.institutguindavols.cat\/wp-content\/uploads\/20-21-25a-Setmana-de-la-Ci\u00e8ncia_7-1024x497.jpeg\" alt=\"\" class=\"wp-image-62818\"\/><figcaption>Carles Mir\u00f3 i Merc\u00e8 del Barrio presentant el projecte a l&#8217;alumnat de 2n B<\/figcaption><\/figure>\n\n\n\n<figure class=\"wp-block-image\"><img decoding=\"async\" src=\"https:\/\/portal.institutguindavols.cat\/wp-content\/uploads\/20-21-25a-Setmana-de-la-Ci\u00e8ncia_1-1024x640.jpg\" alt=\"\" class=\"wp-image-62819\"\/><figcaption>Pere Picoy i Carles Mir\u00f3 presentant el projecte a l&#8217;alumnat de 2n D<\/figcaption><\/figure>\n","protected":false},"excerpt":{"rendered":"<p>Aquest \u00e9s el t\u00edtol del micro-projecte que hem dissenyat per al nostre alumnat de 1r i 2n d&#8217;ESO en aquesta 25a Setmana de la Ci\u00e8ncia. <\/p>\n<p>Els hi hem plantejat una recerca sobre la qualitat de l&#8217;aire durant el confinament, estudiant com va incidir aquest per\u00edode&hellip;  <a href=\"https:\/\/agora.xtec.cat\/iesguindavols\/general\/saps-que-respires\/\" title=\"Read Saps qu\u00e8 respires?\">Llegeix m\u00e9s\u00bb<\/a><\/p>\n","protected":false},"author":1,"featured_media":62824,"comment_status":"closed","ping_status":"closed","sticky":false,"template":"","format":"standard","meta":{"_bbp_topic_count":0,"_bbp_reply_count":0,"_bbp_total_topic_count":0,"_bbp_total_reply_count":0,"_bbp_voice_count":0,"_bbp_anonymous_reply_count":0,"_bbp_topic_count_hidden":0,"_bbp_reply_count_hidden":0,"_bbp_forum_subforum_count":0,"footnotes":""},"categories":[1],"tags":[],"class_list":["post-62817","post","type-post","status-publish","format-standard","has-post-thumbnail","hentry","category-general"],"post_mailing_queue_ids":[],"_links":{"self":[{"href":"https:\/\/agora.xtec.cat\/iesguindavols\/wp-json\/wp\/v2\/posts\/62817","targetHints":{"allow":["GET"]}}],"collection":[{"href":"https:\/\/agora.xtec.cat\/iesguindavols\/wp-json\/wp\/v2\/posts"}],"about":[{"href":"https:\/\/agora.xtec.cat\/iesguindavols\/wp-json\/wp\/v2\/types\/post"}],"author":[{"embeddable":true,"href":"https:\/\/agora.xtec.cat\/iesguindavols\/wp-json\/wp\/v2\/users\/1"}],"replies":[{"embeddable":true,"href":"https:\/\/agora.xtec.cat\/iesguindavols\/wp-json\/wp\/v2\/comments?post=62817"}],"version-history":[{"count":0,"href":"https:\/\/agora.xtec.cat\/iesguindavols\/wp-json\/wp\/v2\/posts\/62817\/revisions"}],"wp:featuredmedia":[{"embeddable":true,"href":"https:\/\/agora.xtec.cat\/iesguindavols\/wp-json\/"}],"wp:attachment":[{"href":"https:\/\/agora.xtec.cat\/iesguindavols\/wp-json\/wp\/v2\/media?parent=62817"}],"wp:term":[{"taxonomy":"category","embeddable":true,"href":"https:\/\/agora.xtec.cat\/iesguindavols\/wp-json\/wp\/v2\/categories?post=62817"},{"taxonomy":"post_tag","embeddable":true,"href":"https:\/\/agora.xtec.cat\/iesguindavols\/wp-json\/wp\/v2\/tags?post=62817"}],"curies":[{"name":"wp","href":"https:\/\/api.w.org\/{rel}","templated":true}]}}