{"id":62701,"date":"2020-10-08T08:16:27","date_gmt":"2020-10-08T08:16:27","guid":{"rendered":"https:\/\/portal.institutguindavols.cat\/?p=62701"},"modified":"2020-10-08T08:16:27","modified_gmt":"2020-10-08T08:16:27","slug":"belen-vicente-en-accio","status":"publish","type":"post","link":"https:\/\/agora.xtec.cat\/iesguindavols\/general\/belen-vicente-en-accio\/","title":{"rendered":"Bel\u00e9n Vicente en acci\u00f3"},"content":{"rendered":"\n<p>El passat diumenge dia 4 d\u2019 octubre va tindre lloc la final no presencial de \u201cCiencia en  Acci\u00f3n 2020\u201d, on l\u2019 alumna de 1r de batxillerat Bel\u00e9n Vicente va presentar el projecte  titulat \u201c Estimaci\u00f3 experimental del per\u00edode de rotaci\u00f3 del Sol\u201d guardonat amb el  Primer Premi ex aequo. El treball va estar tutoritzat pel professor Anicet Cosialls.<br> Es fa un estimaci\u00f3 experimental del per\u00edode de rotaci\u00f3 del Sol a partir de l\u2019 estudi dels  canvis de posici\u00f3 de les taques solars durant 5 dies consecutius. Les imatges  analitzades han estat obtingudes pel sat\u00e8l\u00b7lit de la NASA SOHO. El programa lliure<br> d\u2019an\u00e0lisi de videoclips \u201cTracker\u201d ha perm\u00e8s fer un estudi cinem\u00e0tic del moviment de  rotaci\u00f3 de les taques i determinar llurs velocitats i per\u00edodes de rotaci\u00f3 <\/p>\n\n\n\n<p> Podeu veure la seva intervenci\u00f3 a l\u2019enlla\u00e7 de youtube<\/p>\n\n\n\n<figure class=\"wp-block-embed-youtube aligncenter wp-block-embed is-type-video is-provider-youtube wp-embed-aspect-16-9 wp-has-aspect-ratio\"><div class=\"wp-block-embed__wrapper\">\n<iframe loading=\"lazy\" title=\"Ciencia en Acci\u00f3n 2020 - Panel Adopta una Estrella. Investiga en Astrof\u00edsica\" width=\"500\" height=\"281\" src=\"https:\/\/www.youtube.com\/embed\/qwWbXMQXgXY?start=1338&#038;feature=oembed\" frameborder=\"0\" allow=\"accelerometer; autoplay; clipboard-write; encrypted-media; gyroscope; picture-in-picture; web-share\" referrerpolicy=\"strict-origin-when-cross-origin\" allowfullscreen><\/iframe>\n<\/div><\/figure>\n","protected":false},"excerpt":{"rendered":"<p>El passat diumenge dia 4 d\u2019 octubre va tindre lloc la final no presencial de \u201cCiencia en  Acci\u00f3n 2020\u201d, on l\u2019 alumna de 1r de batxillerat Bel\u00e9n Vicente va presentar el projecte  titulat \u201c Estimaci\u00f3 experimental del per\u00edode de rotaci\u00f3 del Sol\u201d guardonat&hellip;  <a href=\"https:\/\/agora.xtec.cat\/iesguindavols\/general\/belen-vicente-en-accio\/\" title=\"Read Bel\u00e9n Vicente en acci\u00f3\">Llegeix m\u00e9s\u00bb<\/a><\/p>\n","protected":false},"author":1,"featured_media":0,"comment_status":"closed","ping_status":"closed","sticky":false,"template":"","format":"standard","meta":{"_bbp_topic_count":0,"_bbp_reply_count":0,"_bbp_total_topic_count":0,"_bbp_total_reply_count":0,"_bbp_voice_count":0,"_bbp_anonymous_reply_count":0,"_bbp_topic_count_hidden":0,"_bbp_reply_count_hidden":0,"_bbp_forum_subforum_count":0,"footnotes":""},"categories":[1],"tags":[162],"class_list":["post-62701","post","type-post","status-publish","format-standard","hentry","category-general","tag-premis"],"post_mailing_queue_ids":[],"_links":{"self":[{"href":"https:\/\/agora.xtec.cat\/iesguindavols\/wp-json\/wp\/v2\/posts\/62701","targetHints":{"allow":["GET"]}}],"collection":[{"href":"https:\/\/agora.xtec.cat\/iesguindavols\/wp-json\/wp\/v2\/posts"}],"about":[{"href":"https:\/\/agora.xtec.cat\/iesguindavols\/wp-json\/wp\/v2\/types\/post"}],"author":[{"embeddable":true,"href":"https:\/\/agora.xtec.cat\/iesguindavols\/wp-json\/wp\/v2\/users\/1"}],"replies":[{"embeddable":true,"href":"https:\/\/agora.xtec.cat\/iesguindavols\/wp-json\/wp\/v2\/comments?post=62701"}],"version-history":[{"count":0,"href":"https:\/\/agora.xtec.cat\/iesguindavols\/wp-json\/wp\/v2\/posts\/62701\/revisions"}],"wp:attachment":[{"href":"https:\/\/agora.xtec.cat\/iesguindavols\/wp-json\/wp\/v2\/media?parent=62701"}],"wp:term":[{"taxonomy":"category","embeddable":true,"href":"https:\/\/agora.xtec.cat\/iesguindavols\/wp-json\/wp\/v2\/categories?post=62701"},{"taxonomy":"post_tag","embeddable":true,"href":"https:\/\/agora.xtec.cat\/iesguindavols\/wp-json\/wp\/v2\/tags?post=62701"}],"curies":[{"name":"wp","href":"https:\/\/api.w.org\/{rel}","templated":true}]}}