{"id":62471,"date":"2020-07-09T15:23:51","date_gmt":"2020-07-09T15:23:51","guid":{"rendered":"https:\/\/portal.institutguindavols.cat\/?p=62471"},"modified":"2020-07-09T15:23:51","modified_gmt":"2020-07-09T15:23:51","slug":"primer-premi-dastrofisica-a-ciencia-en-accion","status":"publish","type":"post","link":"https:\/\/agora.xtec.cat\/iesguindavols\/general\/primer-premi-dastrofisica-a-ciencia-en-accion\/","title":{"rendered":"Primer premi d\u2019Astrof\u00edsica a CIENCIA en ACCI\u00d3N"},"content":{"rendered":"\n<p>Ahir es va fer p\u00fablic la resoluci\u00f3 dels premis de XXI Ciencia en Acci\u00f3n<br> www.cienciaenaccion.org<br> En la modalitat Investiga en Astrof\u00edsica, el treball \u201c Estimaci\u00f3 experimental del per\u00edode de rotaci\u00f3 del Sol\u201d, realitzat per l\u2019alumna Bel\u00e9n Vicente de primer de batxillerat, ha estat guardonat amb el primer premi Ex Aequo. El treball ha estat tutoritzat pel professor Anicet Cosialls.<br> Segon l\u2019 acta del jurat: \u201cPer permetre a l\u2019estudiant introduir-se d\u2019una manera molt eficient en el m\u00e8tode experimental i en el tractament de dades astron\u00f2miques en un treball molt seri\u00f3s de mesura de la rotaci\u00f3 del Sol\u201d.<br> Es fa una estimaci\u00f3 experimental dels per\u00edodes de rotaci\u00f3 sin\u00f2dic i sideral del Sol, a partir de l&#8217;estudi dels canvis de posici\u00f3 d&#8217;algunes taques solars durant 5 dies. Les imatges analitzades han estat proporcionades pel sat\u00e8l\u00b7lit SOHO. El programa gratu\u00eft d&#8217;an\u00e0lisi de videoclip &#8220;tracker&#8221; ha perm\u00e8s fer un estudi cinem\u00e0tic del moviment de les taques i determinar les seves velocitats i els seus respectius per\u00edodes de rotaci\u00f3.<br> Ahir es va fer p\u00fablic la resoluci\u00f3 dels premis de XXI Ciencia en Acci\u00f3n<\/p>\n","protected":false},"excerpt":{"rendered":"<p>Ahir es va fer p\u00fablic la resoluci\u00f3 dels premis de XXI Ciencia en Acci\u00f3n www.cienciaenaccion.org En la modalitat Investiga en Astrof\u00edsica, el treball \u201c Estimaci\u00f3 experimental del per\u00edode de rotaci\u00f3 del Sol\u201d, realitzat per l\u2019alumna Bel\u00e9n Vicente de primer de batxillerat, ha estat guardonat amb&hellip;  <a href=\"https:\/\/agora.xtec.cat\/iesguindavols\/general\/primer-premi-dastrofisica-a-ciencia-en-accion\/\" title=\"Read Primer premi d\u2019Astrof\u00edsica a CIENCIA en ACCI\u00d3N\">Llegeix m\u00e9s\u00bb<\/a><\/p>\n","protected":false},"author":1,"featured_media":62472,"comment_status":"closed","ping_status":"closed","sticky":false,"template":"","format":"standard","meta":{"_bbp_topic_count":0,"_bbp_reply_count":0,"_bbp_total_topic_count":0,"_bbp_total_reply_count":0,"_bbp_voice_count":0,"_bbp_anonymous_reply_count":0,"_bbp_topic_count_hidden":0,"_bbp_reply_count_hidden":0,"_bbp_forum_subforum_count":0,"footnotes":""},"categories":[8,107,108,1],"tags":[],"class_list":["post-62471","post","type-post","status-publish","format-standard","has-post-thumbnail","hentry","category-batxillerat","category-centre","category-ciencies-experimentals","category-general"],"post_mailing_queue_ids":[],"_links":{"self":[{"href":"https:\/\/agora.xtec.cat\/iesguindavols\/wp-json\/wp\/v2\/posts\/62471","targetHints":{"allow":["GET"]}}],"collection":[{"href":"https:\/\/agora.xtec.cat\/iesguindavols\/wp-json\/wp\/v2\/posts"}],"about":[{"href":"https:\/\/agora.xtec.cat\/iesguindavols\/wp-json\/wp\/v2\/types\/post"}],"author":[{"embeddable":true,"href":"https:\/\/agora.xtec.cat\/iesguindavols\/wp-json\/wp\/v2\/users\/1"}],"replies":[{"embeddable":true,"href":"https:\/\/agora.xtec.cat\/iesguindavols\/wp-json\/wp\/v2\/comments?post=62471"}],"version-history":[{"count":0,"href":"https:\/\/agora.xtec.cat\/iesguindavols\/wp-json\/wp\/v2\/posts\/62471\/revisions"}],"wp:featuredmedia":[{"embeddable":true,"href":"https:\/\/agora.xtec.cat\/iesguindavols\/wp-json\/"}],"wp:attachment":[{"href":"https:\/\/agora.xtec.cat\/iesguindavols\/wp-json\/wp\/v2\/media?parent=62471"}],"wp:term":[{"taxonomy":"category","embeddable":true,"href":"https:\/\/agora.xtec.cat\/iesguindavols\/wp-json\/wp\/v2\/categories?post=62471"},{"taxonomy":"post_tag","embeddable":true,"href":"https:\/\/agora.xtec.cat\/iesguindavols\/wp-json\/wp\/v2\/tags?post=62471"}],"curies":[{"name":"wp","href":"https:\/\/api.w.org\/{rel}","templated":true}]}}