{"id":62383,"date":"2020-06-21T13:42:40","date_gmt":"2020-06-21T13:42:40","guid":{"rendered":"https:\/\/portal.institutguindavols.cat\/?p=62383"},"modified":"2020-06-21T13:42:40","modified_gmt":"2020-06-21T13:42:40","slug":"premis-v-concurs-de-fotografia-dirigim-la-mirada","status":"publish","type":"post","link":"https:\/\/agora.xtec.cat\/iesguindavols\/general\/premis-v-concurs-de-fotografia-dirigim-la-mirada\/","title":{"rendered":"Premis V Concurs de Fotografia &#8220;Dirigim la mirada&#8221;"},"content":{"rendered":"\n<p>Per fi tenim guanyadors i guanyadores del V Concurs de Fotografia &#8220;Dirigim la mirada&#8221; que es va convocar el passat mes de febrer, amb la intenci\u00f3 de fer el lliurament de premis durant la celebraci\u00f3 de la Diada de Sant Jordi. El confinament sobtat i el tancament accelerat del centre ens va fer repensar el calendari establert. Aix\u00ed, es va determinar ajornar-lo esperant el retorn a les aules de manera presencial. Finalment no ha pogut ser i per tant, no s&#8217;ha pogut fer un lliurament de premis amb tots vosaltres. <\/p>\n\n\n\n<p>Per aix\u00f2, us deixem aqu\u00ed les fotografies guanyadores en les tres categories convocades. Recordeu que el tema va ser: claus i panys. <\/p>\n\n\n\n<p>En total s&#8217;han rebut 50 fotografies i de deb\u00f3 que moltes han estat les considerades com a possibles guanyadores. Finalment, el jurat, compost per professorat del Departament de Ci\u00e8ncies Socials i de Visual i Pl\u00e0stica han determinat que siguin les guanyadores les que us mostrem a continuaci\u00f3<\/p>\n\n\n\n<p>Felicitats als guanyadors i guanyadores!!!!<\/p>\n\n\n\n<pre class=\"wp-block-preformatted\"><iframe loading=\"lazy\" src=\"https:\/\/docs.google.com\/presentation\/d\/e\/2PACX-1vTBxqoKSlBupLQMAuowCscc1anpUXU6vQw35jBC846HFjAEUzhOEvmBfwiYAzXtFS2uc3D6qCLjKOEL\/embed?start=true&amp;loop=true&amp;delayms=5000\" frameborder=\"0\" width=\"960\" height=\"569\" allowfullscreen=\"true\" mozallowfullscreen=\"true\" webkitallowfullscreen=\"true\"><\/iframe>\n<\/pre>\n\n\n\n<p><\/p>\n","protected":false},"excerpt":{"rendered":"<p>Per fi tenim guanyadors i guanyadores del V Concurs de Fotografia &#8220;Dirigim la mirada&#8221; que es va convocar el passat mes de febrer, amb la intenci\u00f3 de fer el lliurament de premis durant la celebraci\u00f3 de la Diada de Sant Jordi. El confinament sobtat i&hellip;  <a href=\"https:\/\/agora.xtec.cat\/iesguindavols\/general\/premis-v-concurs-de-fotografia-dirigim-la-mirada\/\" title=\"Read Premis V Concurs de Fotografia &#8220;Dirigim la mirada&#8221;\">Llegeix m\u00e9s\u00bb<\/a><\/p>\n","protected":false},"author":1,"featured_media":62388,"comment_status":"closed","ping_status":"closed","sticky":false,"template":"","format":"standard","meta":{"_bbp_topic_count":0,"_bbp_reply_count":0,"_bbp_total_topic_count":0,"_bbp_total_reply_count":0,"_bbp_voice_count":0,"_bbp_anonymous_reply_count":0,"_bbp_topic_count_hidden":0,"_bbp_reply_count_hidden":0,"_bbp_forum_subforum_count":0,"footnotes":""},"categories":[1],"tags":[],"class_list":["post-62383","post","type-post","status-publish","format-standard","has-post-thumbnail","hentry","category-general"],"post_mailing_queue_ids":[],"_links":{"self":[{"href":"https:\/\/agora.xtec.cat\/iesguindavols\/wp-json\/wp\/v2\/posts\/62383","targetHints":{"allow":["GET"]}}],"collection":[{"href":"https:\/\/agora.xtec.cat\/iesguindavols\/wp-json\/wp\/v2\/posts"}],"about":[{"href":"https:\/\/agora.xtec.cat\/iesguindavols\/wp-json\/wp\/v2\/types\/post"}],"author":[{"embeddable":true,"href":"https:\/\/agora.xtec.cat\/iesguindavols\/wp-json\/wp\/v2\/users\/1"}],"replies":[{"embeddable":true,"href":"https:\/\/agora.xtec.cat\/iesguindavols\/wp-json\/wp\/v2\/comments?post=62383"}],"version-history":[{"count":0,"href":"https:\/\/agora.xtec.cat\/iesguindavols\/wp-json\/wp\/v2\/posts\/62383\/revisions"}],"wp:featuredmedia":[{"embeddable":true,"href":"https:\/\/agora.xtec.cat\/iesguindavols\/wp-json\/"}],"wp:attachment":[{"href":"https:\/\/agora.xtec.cat\/iesguindavols\/wp-json\/wp\/v2\/media?parent=62383"}],"wp:term":[{"taxonomy":"category","embeddable":true,"href":"https:\/\/agora.xtec.cat\/iesguindavols\/wp-json\/wp\/v2\/categories?post=62383"},{"taxonomy":"post_tag","embeddable":true,"href":"https:\/\/agora.xtec.cat\/iesguindavols\/wp-json\/wp\/v2\/tags?post=62383"}],"curies":[{"name":"wp","href":"https:\/\/api.w.org\/{rel}","templated":true}]}}