{"id":62018,"date":"2020-05-24T17:01:39","date_gmt":"2020-05-24T17:01:39","guid":{"rendered":"https:\/\/portal.institutguindavols.cat\/?p=62018"},"modified":"2020-05-24T17:01:39","modified_gmt":"2020-05-24T17:01:39","slug":"erasmus-2-0-smart-mobility-on-fire","status":"publish","type":"post","link":"https:\/\/agora.xtec.cat\/iesguindavols\/general\/erasmus-2-0-smart-mobility-on-fire\/","title":{"rendered":"Erasmus+ 2.0 \u201c Smart Mobility\u201d On Fire"},"content":{"rendered":"\n<p>\nL\u2019 Institut Guind\u00e0vols participa en el programa Erasmus+ 2.0 \u201c Smart Mobility\u201d conjuntament amb quatre centres&nbsp; de diferents pa\u00efsos de la Uni\u00f3 Europea: l\u2019<em>Istituto<\/em> di Istruzione Superiore G. La Pira\u201d d\u2019It\u00e0lia, el Hellenstein Gymnasium d\u2019 Alemanya, l\u2019Olegiul National Bilingv George Cosbuc de Romania, i el&nbsp; Rigas 18.vidusslola de Let\u00f2nia.<\/p>\n\n\n\n<p>El tema principal del projecte est\u00e0 relacionat amb \u00bfcom canviar\u00e0 la mobilitat en els pr\u00f2xims anys i quina resposta d\u00f3na l\u2019alumnat a aquests canvis? Al mateix temps, caldria trobar solucions concretes per desenvolupar-les en els centres que participen en el projecte.<\/p>\n\n\n\n<p>Durant la segona setmana de novembre s\u2019 ha fet a Brussel\u00b7les la trobada preparat\u00f2ria,&nbsp; on s\u2019ha reunit el professorat dels diferents centres per tal de concretar els objectius del projecte i per visitar \u201dLa Comissi\u00f3 Europea,&nbsp; i el \u201cComit\u00e8 de les Regions\u201d&nbsp;<\/p>\n\n\n\n<p>Els objectius del projecte s\u00f3n:<\/p>\n\n\n\n<ul class=\"wp-block-list\"><li>Estimular un comportament ciutad\u00e0, en relaci\u00f3 amb l\u2019\u00fas del vehicle, compatible amb el desenvolupament urb\u00e0 sostenible, en particular amb la protecci\u00f3 de la qualitat de l\u2019aire, la prevenci\u00f3 d\u2019accidents de tr\u00e0nsit, la reducci\u00f3 d\u2019emissi\u00f3 de gasos que provoquen l\u2019efecte hivernacle i el consum racional dels recursos energ\u00e8tics.<\/li><li>Sensibilitzar la ciutadania sobre els impactes ambientals del transport i informar-la sobre les seves diferents modalitats.<\/li><li>Impulsar l\u2019\u00fas dels mitjans de transport sostenibles i, en particular, el transport p\u00fablic, la bicicleta, la mobilitat a peu i els vehicles el\u00e8ctrics.<\/li><li>Potenciar un retrobament de la ciutadania amb la ciutat, la seva gent i el seu patrimoni cultural, en un entorn saludable i relaxat.<\/li><li>Reflexionar sobre com afecta a la nostra salut l\u2019\u00fas excessiu del transport motoritzat. Per una banda, la contaminaci\u00f3 atmosf\u00e8rica i la congesti\u00f3 que generen tenen un impacte negatiu sobre els sistemes respiratori i cardiovascular. Per una altra, propicien el sedentarisme i la inactivitat f\u00edsica.<\/li><\/ul>\n\n\n\n<p>La poblaci\u00f3 mundial va creixent i els recursos del nostre planeta s\u00f3n limitats. En un futur pr\u00f2xim haurem de solucionar el problema buscant nous recursos naturals a la Lluna i a Mart. Els viatges espacials esdevindran un altra classe de mobilitat. Un altre objectiu important del projecte consisteix en dissenyar un viatge a la Lluna per tal de crear-hi una ciutat.&nbsp;<\/p>\n\n\n\n<p>Aquest projecte s\u2019 havia de desenvolupar durant els cursos 2019-20 i 2020-21, per\u00f2 el covid-19 ha impedit&nbsp; que&nbsp; l\u2019 alumnat de primer&nbsp; de batxillerat hagi viatjat&nbsp; aquest trimestre a Sic\u00edlia i Bucarest,&nbsp; Tamb\u00e9 hi haur\u00e0 mobilitats a Heidenheim i Riga.&nbsp;<\/p>\n\n\n\n<figure class=\"wp-block-embed-youtube wp-block-embed is-type-video is-provider-youtube wp-embed-aspect-16-9 wp-has-aspect-ratio\"><div class=\"wp-block-embed__wrapper\">\n<iframe loading=\"lazy\" title=\"ERASMUS+ SMART MOBILITY\" width=\"500\" height=\"281\" src=\"https:\/\/www.youtube.com\/embed\/u20w4WFqN-M?feature=oembed\" frameborder=\"0\" allow=\"accelerometer; autoplay; clipboard-write; encrypted-media; gyroscope; picture-in-picture; web-share\" referrerpolicy=\"strict-origin-when-cross-origin\" allowfullscreen><\/iframe>\n<\/div><\/figure>\n","protected":false},"excerpt":{"rendered":"<p>L\u2019 Institut Guind\u00e0vols participa en el programa Erasmus+ 2.0 \u201c Smart Mobility\u201d conjuntament amb quatre centres&nbsp; de diferents pa\u00efsos de la Uni\u00f3 Europea: l\u2019Istituto di Istruzione Superiore G. La Pira\u201d d\u2019It\u00e0lia, el Hellenstein Gymnasium d\u2019 Alemanya, l\u2019Olegiul National Bilingv George Cosbuc de Romania, i el&nbsp;&hellip;  <a href=\"https:\/\/agora.xtec.cat\/iesguindavols\/general\/erasmus-2-0-smart-mobility-on-fire\/\" title=\"Read Erasmus+ 2.0 \u201c Smart Mobility\u201d On Fire\">Llegeix m\u00e9s\u00bb<\/a><\/p>\n","protected":false},"author":1,"featured_media":62019,"comment_status":"closed","ping_status":"closed","sticky":false,"template":"","format":"standard","meta":{"_bbp_topic_count":0,"_bbp_reply_count":0,"_bbp_total_topic_count":0,"_bbp_total_reply_count":0,"_bbp_voice_count":0,"_bbp_anonymous_reply_count":0,"_bbp_topic_count_hidden":0,"_bbp_reply_count_hidden":0,"_bbp_forum_subforum_count":0,"footnotes":""},"categories":[107,281,1],"tags":[],"class_list":["post-62018","post","type-post","status-publish","format-standard","has-post-thumbnail","hentry","category-centre","category-erasmus","category-general"],"post_mailing_queue_ids":[],"_links":{"self":[{"href":"https:\/\/agora.xtec.cat\/iesguindavols\/wp-json\/wp\/v2\/posts\/62018","targetHints":{"allow":["GET"]}}],"collection":[{"href":"https:\/\/agora.xtec.cat\/iesguindavols\/wp-json\/wp\/v2\/posts"}],"about":[{"href":"https:\/\/agora.xtec.cat\/iesguindavols\/wp-json\/wp\/v2\/types\/post"}],"author":[{"embeddable":true,"href":"https:\/\/agora.xtec.cat\/iesguindavols\/wp-json\/wp\/v2\/users\/1"}],"replies":[{"embeddable":true,"href":"https:\/\/agora.xtec.cat\/iesguindavols\/wp-json\/wp\/v2\/comments?post=62018"}],"version-history":[{"count":0,"href":"https:\/\/agora.xtec.cat\/iesguindavols\/wp-json\/wp\/v2\/posts\/62018\/revisions"}],"wp:featuredmedia":[{"embeddable":true,"href":"https:\/\/agora.xtec.cat\/iesguindavols\/wp-json\/"}],"wp:attachment":[{"href":"https:\/\/agora.xtec.cat\/iesguindavols\/wp-json\/wp\/v2\/media?parent=62018"}],"wp:term":[{"taxonomy":"category","embeddable":true,"href":"https:\/\/agora.xtec.cat\/iesguindavols\/wp-json\/wp\/v2\/categories?post=62018"},{"taxonomy":"post_tag","embeddable":true,"href":"https:\/\/agora.xtec.cat\/iesguindavols\/wp-json\/wp\/v2\/tags?post=62018"}],"curies":[{"name":"wp","href":"https:\/\/api.w.org\/{rel}","templated":true}]}}