{"id":61245,"date":"2020-03-10T09:08:32","date_gmt":"2020-03-10T09:08:32","guid":{"rendered":"https:\/\/portal.institutguindavols.cat\/?p=61245"},"modified":"2020-03-10T09:08:32","modified_gmt":"2020-03-10T09:08:32","slug":"spidas-erasmus-2","status":"publish","type":"post","link":"https:\/\/agora.xtec.cat\/iesguindavols\/general\/spidas-erasmus-2\/","title":{"rendered":"SPIDAS    ERASMUS+"},"content":{"rendered":"\n<p><strong>SPIDAS &nbsp;&nbsp;&nbsp;<\/strong><\/p>\n\n\n\n<p>El passat dia 29 de\nfebrer es va dur a terme la jornada de cloenda en la qual es va fer la\npresentaci\u00f3 del projecte Erasmus+ SPIDAS&nbsp;\ndesenvolupat en quatre centres de Lleida , Col\u00b7legi Claver , Maristes\nMontserrat, Institut Guind\u00e0vols &nbsp;i el\nDepartament de Psicologia de la UdL .<\/p>\n\n\n\n<p>Els objectius de la\njornada eren:<\/p>\n\n\n\n<p>*Presentaci\u00f3 de\nrecursos educatius per tal de treballar l\u2019an\u00e0lisi de dades a prim\u00e0ria, secund\u00e0ria\ni batxillerat, elaborats&nbsp; durant el\nprojecte europeu Spidas.<\/p>\n\n\n\n<p>*Com ensenyar a\nl\u2019alumnat a q\u00fcestionar-se i a interpretar les dades.<\/p>\n\n\n\n<p>* Com utilitzar\ntecnologia que ajudi a visualitzar i comprendre una gran quantitat de dades.<\/p>\n\n\n\n<p>La jornada va\ncomen\u00e7ar amb la confer\u00e8ncia inaugural&nbsp; <em>\u201cEl\nespejismo de la mayor\u00eda\u201d<\/em> a c\u00e0rrec de Eduardo S\u00e1enz de Cabez\u00f3n.<\/p>\n\n\n\n<p>Tamb\u00e9 es va dur a\nterme una sessi\u00f3 pr\u00e0ctica sobre la visualitzaci\u00f3 gr\u00e0fica de les dades\nmitjan\u00e7ant tecnologia.<\/p>\n\n\n\n<p>La jornada va\nconcloure amb la presentaci\u00f3 de les diverses experi\u00e8ncies dels distints\ncentres. En el nostre cas varem fer la presentaci\u00f3 del projecte amb&nbsp; els treballs :<\/p>\n\n\n\n<p>*<em>&nbsp;\u201cStudy of the Atmosphere by means of the Data obtained by a Weather Ballon\u201d<\/em><\/p>\n\n\n\n<p>&nbsp; * <em>Weather, Atmospheric Pollutants and Illnesses.<\/em> a c\u00e0rrec&nbsp; del nostre alumnat Daniel Estrada i Emma Juanpere&nbsp;, tutoritzats pel professorat&nbsp;<\/p>\n\n\n\n<p> Rosa Borrell, Merc\u00e8 del Barrio, Anicet Cosialls i&nbsp; Laura Moliner .<\/p>\n\n\n\n<p>Aquest projecte ha\nestat fet dins del marc Erasmus+ i ha tingut una durada de tres anys, incloent\nmobilitat a l\u2019 universitat d\u2019Exeter.<\/p>\n\n\n\n<p>&nbsp;S\u2019ha elaborat un\u201d Toolkit\u201d a disposici\u00f3 de\ntots el centres &nbsp;que es pot trobar a la\np\u00e0gina web de Spidas Erasmus+. Bones pr\u00e0ctiques i&nbsp; bona difusi\u00f3 .<\/p>\n\n\n\n<p><\/p>\n\n\n\n<p><\/p>\n\n\n\n<p><\/p>\n\n\n\n<p><\/p>\n\n\n\n<p><\/p>\n\n\n\n<p><\/p>\n\n\n\n<p><\/p>\n","protected":false},"excerpt":{"rendered":"<p>SPIDAS &nbsp;&nbsp;&nbsp;<\/p>\n<p>El passat dia 29 de<br \/>\nfebrer es va dur a terme la jornada de cloenda en la qual es va fer la<br \/>\npresentaci\u00f3 del projecte Erasmus+ SPIDAS&nbsp;<br \/>\ndesenvolupat en quatre centres de Lleida , Col\u00b7legi Claver , Maristes<br \/>\nMontserrat, Institut Guind\u00e0vols &nbsp;i el<br \/>\nDepartament de Psicologia de la UdL&hellip;  <a href=\"https:\/\/agora.xtec.cat\/iesguindavols\/general\/spidas-erasmus-2\/\" title=\"Read SPIDAS    ERASMUS+\">Llegeix m\u00e9s\u00bb<\/a><\/p>\n","protected":false},"author":1,"featured_media":61251,"comment_status":"closed","ping_status":"closed","sticky":false,"template":"","format":"standard","meta":{"_bbp_topic_count":0,"_bbp_reply_count":0,"_bbp_total_topic_count":0,"_bbp_total_reply_count":0,"_bbp_voice_count":0,"_bbp_anonymous_reply_count":0,"_bbp_topic_count_hidden":0,"_bbp_reply_count_hidden":0,"_bbp_forum_subforum_count":0,"footnotes":""},"categories":[1],"tags":[],"class_list":["post-61245","post","type-post","status-publish","format-standard","has-post-thumbnail","hentry","category-general"],"post_mailing_queue_ids":[],"_links":{"self":[{"href":"https:\/\/agora.xtec.cat\/iesguindavols\/wp-json\/wp\/v2\/posts\/61245","targetHints":{"allow":["GET"]}}],"collection":[{"href":"https:\/\/agora.xtec.cat\/iesguindavols\/wp-json\/wp\/v2\/posts"}],"about":[{"href":"https:\/\/agora.xtec.cat\/iesguindavols\/wp-json\/wp\/v2\/types\/post"}],"author":[{"embeddable":true,"href":"https:\/\/agora.xtec.cat\/iesguindavols\/wp-json\/wp\/v2\/users\/1"}],"replies":[{"embeddable":true,"href":"https:\/\/agora.xtec.cat\/iesguindavols\/wp-json\/wp\/v2\/comments?post=61245"}],"version-history":[{"count":0,"href":"https:\/\/agora.xtec.cat\/iesguindavols\/wp-json\/wp\/v2\/posts\/61245\/revisions"}],"wp:featuredmedia":[{"embeddable":true,"href":"https:\/\/agora.xtec.cat\/iesguindavols\/wp-json\/"}],"wp:attachment":[{"href":"https:\/\/agora.xtec.cat\/iesguindavols\/wp-json\/wp\/v2\/media?parent=61245"}],"wp:term":[{"taxonomy":"category","embeddable":true,"href":"https:\/\/agora.xtec.cat\/iesguindavols\/wp-json\/wp\/v2\/categories?post=61245"},{"taxonomy":"post_tag","embeddable":true,"href":"https:\/\/agora.xtec.cat\/iesguindavols\/wp-json\/wp\/v2\/tags?post=61245"}],"curies":[{"name":"wp","href":"https:\/\/api.w.org\/{rel}","templated":true}]}}