{"id":61164,"date":"2020-03-01T10:17:49","date_gmt":"2020-03-01T10:17:49","guid":{"rendered":"https:\/\/portal.institutguindavols.cat\/?p=61164"},"modified":"2020-03-01T10:17:49","modified_gmt":"2020-03-01T10:17:49","slug":"ruhe-a-guindavols","status":"publish","type":"post","link":"https:\/\/agora.xtec.cat\/iesguindavols\/general\/ruhe-a-guindavols\/","title":{"rendered":"Ruhe!! a Guind\u00e0vols"},"content":{"rendered":"\n<p>El divendres, dia 28 de febrer, vam poder gaudir de la representaci\u00f3 de l&#8217;obra de teatre Ruhe!! que recupera la mem\u00f2ria dels deportats lleidatans als camps de concentraci\u00f3 nazis. Es tracta d&#8217;una obra de teatre documental produ\u00efda per La Paeria sota la direcci\u00f3 de Jaume Bell\u00f3. L&#8217;obra forma part del projecte Buchenwald-Mauthausen, fruit del conveni amb l&#8217;Amical de Mauthausen i altres camps.<\/p>\n\n\n\n<p>L&#8217;obra s&#8217;est\u00e0 representant als centres que formen part del grup de treball DEMD i en les properes setmanes continuar\u00e0 el seu periple per Institut Caparrella, Institut Torre Vicens, Institut Josep Lladonosa i s&#8217;hi afegeix Institut Manel de Montsuar.<\/p>\n\n\n\n<p>Despr\u00e9s de l&#8217;obra el va obrir un debat en qu\u00e8 l&#8217;alumnat va formular preguntes for\u00e7a interessants, totes elles relacionades amb l&#8217;holocaust i la deportaci\u00f3. <\/p>\n\n\n\n<p>Tot l&#8217;alumnat va marxar amb un enc\u00e0rrec: reflexionar sobre el vincle que tenim tots plegats amb l&#8217;holocaust.<\/p>\n\n\n\n<p>Gr\u00e0cies a la Paeria i la Regidoria de Drets Civils.<\/p>\n\n\n\n<p>I als actors&#8230;gr\u00e0cies pel vostre talent.<\/p>\n\n\n\n<ul class=\"wp-block-gallery columns-3 is-cropped wp-block-gallery-1 is-layout-flex wp-block-gallery-is-layout-flex\"><li class=\"blocks-gallery-item\"><figure><img decoding=\"async\" src=\"https:\/\/portal.institutguindavols.cat\/wp-content\/uploads\/IMG20200228093635-1024x461.jpg\" alt=\"\" data-id=\"61186\" data-link=\"https:\/\/portal.institutguindavols.cat\/img20200228093635\/\" class=\"wp-image-61186\"\/><\/figure><\/li><li class=\"blocks-gallery-item\"><figure><img decoding=\"async\" src=\"https:\/\/portal.institutguindavols.cat\/wp-content\/uploads\/IMG20200228093134-1024x461.jpg\" alt=\"\" data-id=\"61185\" data-link=\"https:\/\/portal.institutguindavols.cat\/img20200228093134\/\" class=\"wp-image-61185\"\/><\/figure><\/li><li class=\"blocks-gallery-item\"><figure><img decoding=\"async\" src=\"https:\/\/portal.institutguindavols.cat\/wp-content\/uploads\/IMG20200228102229-1024x768.jpg\" alt=\"\" data-id=\"61184\" data-link=\"https:\/\/portal.institutguindavols.cat\/img20200228102229\/\" class=\"wp-image-61184\"\/><\/figure><\/li><li class=\"blocks-gallery-item\"><figure><img decoding=\"async\" src=\"https:\/\/portal.institutguindavols.cat\/wp-content\/uploads\/IMG20200228094756-1024x768.jpg\" alt=\"\" data-id=\"61182\" data-link=\"https:\/\/portal.institutguindavols.cat\/img20200228094756\/\" class=\"wp-image-61182\"\/><\/figure><\/li><li class=\"blocks-gallery-item\"><figure><img decoding=\"async\" src=\"https:\/\/portal.institutguindavols.cat\/wp-content\/uploads\/IMG20200228094604-1024x768.jpg\" alt=\"\" data-id=\"61181\" data-link=\"https:\/\/portal.institutguindavols.cat\/img20200228094604\/\" class=\"wp-image-61181\"\/><\/figure><\/li><li class=\"blocks-gallery-item\"><figure><img decoding=\"async\" src=\"https:\/\/portal.institutguindavols.cat\/wp-content\/uploads\/IMG20200228094553-1024x768.jpg\" alt=\"\" data-id=\"61175\" data-link=\"https:\/\/portal.institutguindavols.cat\/img20200228094553\/\" class=\"wp-image-61175\"\/><\/figure><\/li><li class=\"blocks-gallery-item\"><figure><img decoding=\"async\" src=\"https:\/\/portal.institutguindavols.cat\/wp-content\/uploads\/IMG20200228102600-1024x768.jpg\" alt=\"\" data-id=\"61173\" data-link=\"https:\/\/portal.institutguindavols.cat\/img20200228102600\/\" class=\"wp-image-61173\"\/><\/figure><\/li><li class=\"blocks-gallery-item\"><figure><img decoding=\"async\" src=\"https:\/\/portal.institutguindavols.cat\/wp-content\/uploads\/IMG20200228100845-1024x768.jpg\" alt=\"\" data-id=\"61177\" data-link=\"https:\/\/portal.institutguindavols.cat\/img20200228100845\/\" class=\"wp-image-61177\"\/><\/figure><\/li><li class=\"blocks-gallery-item\"><figure><img decoding=\"async\" src=\"https:\/\/portal.institutguindavols.cat\/wp-content\/uploads\/IMG20200228100930-1024x768.jpg\" alt=\"\" data-id=\"61179\" data-link=\"https:\/\/portal.institutguindavols.cat\/img20200228100930\/\" class=\"wp-image-61179\"\/><\/figure><\/li><li class=\"blocks-gallery-item\"><figure><img decoding=\"async\" src=\"https:\/\/portal.institutguindavols.cat\/wp-content\/uploads\/IMG20200228094553-1-1024x768.jpg\" alt=\"\" data-id=\"61180\" data-link=\"https:\/\/portal.institutguindavols.cat\/img20200228094553-2\/\" class=\"wp-image-61180\"\/><\/figure><\/li><li class=\"blocks-gallery-item\"><figure><img decoding=\"async\" src=\"https:\/\/portal.institutguindavols.cat\/wp-content\/uploads\/IMG20200228102555-1024x768.jpg\" alt=\"\" data-id=\"61172\" data-link=\"https:\/\/portal.institutguindavols.cat\/img20200228102555\/\" class=\"wp-image-61172\"\/><\/figure><\/li><li class=\"blocks-gallery-item\"><figure><img decoding=\"async\" src=\"https:\/\/portal.institutguindavols.cat\/wp-content\/uploads\/IMG20200228102303-1024x768.jpg\" alt=\"\" data-id=\"61171\" data-link=\"https:\/\/portal.institutguindavols.cat\/img20200228102303\/\" class=\"wp-image-61171\"\/><\/figure><\/li><li class=\"blocks-gallery-item\"><figure><img decoding=\"async\" src=\"https:\/\/portal.institutguindavols.cat\/wp-content\/uploads\/IMG20200228102256-1024x768.jpg\" alt=\"\" data-id=\"61170\" data-link=\"https:\/\/portal.institutguindavols.cat\/img20200228102256\/\" class=\"wp-image-61170\"\/><\/figure><\/li><\/ul>\n","protected":false},"excerpt":{"rendered":"<p>El divendres, dia 28 de febrer, vam poder gaudir de la representaci\u00f3 de l&#8217;obra de teatre Ruhe!! que recupera la mem\u00f2ria dels deportats lleidatans als camps de concentraci\u00f3 nazis. Es tracta d&#8217;una obra de teatre documental produ\u00efda per La Paeria sota la direcci\u00f3 de Jaume&hellip;  <a href=\"https:\/\/agora.xtec.cat\/iesguindavols\/general\/ruhe-a-guindavols\/\" title=\"Read Ruhe!! a Guind\u00e0vols\">Llegeix m\u00e9s\u00bb<\/a><\/p>\n","protected":false},"author":1,"featured_media":61186,"comment_status":"closed","ping_status":"closed","sticky":false,"template":"","format":"standard","meta":{"_bbp_topic_count":0,"_bbp_reply_count":0,"_bbp_total_topic_count":0,"_bbp_total_reply_count":0,"_bbp_voice_count":0,"_bbp_anonymous_reply_count":0,"_bbp_topic_count_hidden":0,"_bbp_reply_count_hidden":0,"_bbp_forum_subforum_count":0,"footnotes":""},"categories":[1],"tags":[],"class_list":["post-61164","post","type-post","status-publish","format-standard","has-post-thumbnail","hentry","category-general"],"post_mailing_queue_ids":[],"_links":{"self":[{"href":"https:\/\/agora.xtec.cat\/iesguindavols\/wp-json\/wp\/v2\/posts\/61164","targetHints":{"allow":["GET"]}}],"collection":[{"href":"https:\/\/agora.xtec.cat\/iesguindavols\/wp-json\/wp\/v2\/posts"}],"about":[{"href":"https:\/\/agora.xtec.cat\/iesguindavols\/wp-json\/wp\/v2\/types\/post"}],"author":[{"embeddable":true,"href":"https:\/\/agora.xtec.cat\/iesguindavols\/wp-json\/wp\/v2\/users\/1"}],"replies":[{"embeddable":true,"href":"https:\/\/agora.xtec.cat\/iesguindavols\/wp-json\/wp\/v2\/comments?post=61164"}],"version-history":[{"count":0,"href":"https:\/\/agora.xtec.cat\/iesguindavols\/wp-json\/wp\/v2\/posts\/61164\/revisions"}],"wp:featuredmedia":[{"embeddable":true,"href":"https:\/\/agora.xtec.cat\/iesguindavols\/wp-json\/"}],"wp:attachment":[{"href":"https:\/\/agora.xtec.cat\/iesguindavols\/wp-json\/wp\/v2\/media?parent=61164"}],"wp:term":[{"taxonomy":"category","embeddable":true,"href":"https:\/\/agora.xtec.cat\/iesguindavols\/wp-json\/wp\/v2\/categories?post=61164"},{"taxonomy":"post_tag","embeddable":true,"href":"https:\/\/agora.xtec.cat\/iesguindavols\/wp-json\/wp\/v2\/tags?post=61164"}],"curies":[{"name":"wp","href":"https:\/\/api.w.org\/{rel}","templated":true}]}}