{"id":61038,"date":"2020-02-15T19:08:51","date_gmt":"2020-02-15T19:08:51","guid":{"rendered":"https:\/\/portal.institutguindavols.cat\/?p=61038"},"modified":"2020-02-15T19:08:51","modified_gmt":"2020-02-15T19:08:51","slug":"actes-en-memoria-de-les-victimes-de-lholocaust","status":"publish","type":"post","link":"https:\/\/agora.xtec.cat\/iesguindavols\/general\/actes-en-memoria-de-les-victimes-de-lholocaust\/","title":{"rendered":"Actes en mem\u00f2ria de les v\u00edctimes de l&#8217;holocaust"},"content":{"rendered":"\n<p>Al llarg de la darrera setmana de gener i la primera de febrer, l&#8217;Institut ha organitzat i participat en actes en mem\u00f2ria de les v\u00edctimes de l&#8217;holocaust, coincidint amb la celebraci\u00f3 del 75\u00e8 aniversari de l&#8217;alliberament del Camp d&#8217;Auswitch.<\/p>\n\n\n\n<p>El passat dia 28 vam rebre la visita de Nora Ga\u00f3n, que ens va oferir una xerrada sobre la &#8220;Resist\u00e8ncia jueva durant l&#8217;holocaust&#8221;.<\/p>\n\n\n\n<p>Vam continuar, el dia 30 de gener, amb la participaci\u00f3 en la III Commemoraci\u00f3 Escolar en Mem\u00f2ria de les V\u00edctimes de l&#8217;Holocaust al Teatre de l&#8217;Escorxador, organitzada pels centres membres del grup DEMD (Exili, Deportaci\u00f3 i Holocaust), i que va versar sobre el lema &#8220;Mantenim-nos juntes&#8221;. Durant l&#8217;acte vam poder recordar la Neus Catal\u00e0 i les deportades lleidatanes als camps. El grup de teatre de l&#8217;Institut Guind\u00e0vols, Teatre de Motxilla, van representar l&#8217;obra &#8220;El cintur\u00f3 d&#8217;Hip\u00f2lita&#8221;, en la qual recorden la solidaritat entre les deportades. Us deixem el link a la cr\u00f2nica que podeu trobar en la web del <a href=\"https:\/\/sites.google.com\/xtec.cat\/memoria-lleida-secundaria\/actes-i-jornades\/curs-20192020\/iii-commemoraci%C3%B3-dia-en-mem%C3%B2ria-de-les-v%C3%ADctimes-de-lholocaust\">grup DEMD<\/a>. Des d&#8217;all\u00e0 podeu descarregar fotografies i veure els v\u00eddeos de la jornada.<\/p>\n\n\n\n<p>El divendres, dia 1 de febrer, es va oferir a l&#8217;alumnat de 3r i 4rt d&#8217;ESO la representaci\u00f3 de l&#8217;obra, donat que hi participen companys i companyes que cursen l&#8217;assignatura de Teatre i, d&#8217;aquesta manera, se&#8217;ls sumava en la commemoraci\u00f3 del Dia Internacional. Esdev\u00e9 un acte que sensibilitza sobre la necessitat de no oblidar.<\/p>\n\n\n\n<p>De manera paral\u00b7lela, es va fer una petita instal\u00b7laci\u00f3 al vest\u00edbul del centre en qu\u00e8 s&#8217;animava a tot l&#8217;alumnat del centre a lligar un lla\u00e7 amb el missatge &#8220;Mantenim-nos juntes&#8221;, &#8220;Stand together&#8221; o &#8220;Permanecemos juntas&#8221;; al peu de tres fotografies: Anna Frank, Charlotte Salomon i Neus Catal\u00e0, com a representants dels col\u00b7lectius femenins que van patir la deportaci\u00f3 als camps nazis. Les imatges s&#8217;acompanyaven d&#8217;una petita biografia i amb els lla\u00e7os es va dibuixar la icona del Dia Internacional en Mem\u00f2ria de les V\u00edctimes de l&#8217;Holocaust.<\/p>\n\n\n\n<p>Per acabat, el dilluns dia 3 de febrer, vam rebre al centre Miriam Roma, autora del Treball de Final de Grau que porta per t\u00edtol &#8220;Mem\u00f2ria i g\u00e8nere&#8221;, en que recupera les biografies de les dones lleidatanes deportades i fa una aprofundida recerca sobre el camp de Ravensbr\u00fcck i a deportaci\u00f3 femenina.<\/p>\n\n\n\n<p>Gr\u00e0cies a tothom que, d&#8217;una manera o un altra, ha col\u00b7laborat en l&#8217;organitzaci\u00f3 i realitzaci\u00f3 d&#8217;aquests actes.  <\/p>\n\n\n\n<ul class=\"wp-block-gallery columns-3 is-cropped wp-block-gallery-1 is-layout-flex wp-block-gallery-is-layout-flex\"><li class=\"blocks-gallery-item\"><figure><img decoding=\"async\" src=\"https:\/\/portal.institutguindavols.cat\/wp-content\/uploads\/IMG20200203102438-768x1024.jpg\" alt=\"\" data-id=\"60836\" data-link=\"https:\/\/portal.institutguindavols.cat\/img20200203102438\/\" class=\"wp-image-60836\"\/><figcaption>Programa d&#8217;activitats 2020<\/figcaption><\/figure><\/li><li class=\"blocks-gallery-item\"><figure><img decoding=\"async\" src=\"https:\/\/portal.institutguindavols.cat\/wp-content\/uploads\/IMG20200128114748-1024x768.jpg\" alt=\"\" data-id=\"60810\" data-link=\"https:\/\/portal.institutguindavols.cat\/img20200128114748\/\" class=\"wp-image-60810\"\/><figcaption>Xerrada Nora Ga\u00f3n<\/figcaption><\/figure><\/li><li class=\"blocks-gallery-item\"><figure><img decoding=\"async\" src=\"https:\/\/portal.institutguindavols.cat\/wp-content\/uploads\/IMG20200130092738-768x1024.jpg\" alt=\"\" data-id=\"60817\" data-link=\"https:\/\/portal.institutguindavols.cat\/img20200130092738\/\" class=\"wp-image-60817\"\/><figcaption>Cartell III Commemoraci\u00f3 Escolar<\/figcaption><\/figure><\/li><li class=\"blocks-gallery-item\"><figure><img decoding=\"async\" src=\"https:\/\/portal.institutguindavols.cat\/wp-content\/uploads\/DSC_3083-1024x683.jpg\" alt=\"\" data-id=\"61057\" data-link=\"https:\/\/portal.institutguindavols.cat\/?attachment_id=61057\" class=\"wp-image-61057\"\/><figcaption>P\u00fablic a l&#8217;Escorxador<\/figcaption><\/figure><\/li><li class=\"blocks-gallery-item\"><figure><img decoding=\"async\" src=\"https:\/\/portal.institutguindavols.cat\/wp-content\/uploads\/IMG20200130101024-1024x768.jpg\" alt=\"\" data-id=\"60818\" data-link=\"https:\/\/portal.institutguindavols.cat\/img20200130101024\/\" class=\"wp-image-60818\"\/><figcaption>Parlaments autoritats<\/figcaption><\/figure><\/li><li class=\"blocks-gallery-item\"><figure><img decoding=\"async\" src=\"https:\/\/portal.institutguindavols.cat\/wp-content\/uploads\/IMG20200130103946-768x1024.jpg\" alt=\"\" data-id=\"60819\" data-link=\"https:\/\/portal.institutguindavols.cat\/img20200130103946\/\" class=\"wp-image-60819\"\/><figcaption>Carme Rei-Granger<\/figcaption><\/figure><\/li><li class=\"blocks-gallery-item\"><figure><img decoding=\"async\" src=\"https:\/\/portal.institutguindavols.cat\/wp-content\/uploads\/DSC_1085-1024x682.jpg\" alt=\"\" data-id=\"61046\" data-link=\"https:\/\/portal.institutguindavols.cat\/?attachment_id=61046\" class=\"wp-image-61046\"\/><figcaption>Recordant Coloma Ser\u00f3<\/figcaption><\/figure><\/li><li class=\"blocks-gallery-item\"><figure><img decoding=\"async\" src=\"https:\/\/portal.institutguindavols.cat\/wp-content\/uploads\/DSC_1088.NEF_-1024x680.jpg\" alt=\"\" data-id=\"61047\" data-link=\"https:\/\/portal.institutguindavols.cat\/?attachment_id=61047\" class=\"wp-image-61047\"\/><figcaption>Recordant Felicitat Gasa<\/figcaption><\/figure><\/li><li class=\"blocks-gallery-item\"><figure><img decoding=\"async\" src=\"https:\/\/portal.institutguindavols.cat\/wp-content\/uploads\/DSC_3122-1024x683.jpg\" alt=\"\" data-id=\"61061\" data-link=\"https:\/\/portal.institutguindavols.cat\/?attachment_id=61061\" class=\"wp-image-61061\"\/><\/figure><\/li><li class=\"blocks-gallery-item\"><figure><img decoding=\"async\" src=\"https:\/\/portal.institutguindavols.cat\/wp-content\/uploads\/DSC_1123-1024x681.jpg\" alt=\"\" data-id=\"61048\" data-link=\"https:\/\/portal.institutguindavols.cat\/?attachment_id=61048\" class=\"wp-image-61048\"\/><figcaption>Minut de silenci<\/figcaption><\/figure><\/li><li class=\"blocks-gallery-item\"><figure><img decoding=\"async\" src=\"https:\/\/portal.institutguindavols.cat\/wp-content\/uploads\/DSC_3117-1024x682.jpg\" alt=\"\" data-id=\"61060\" data-link=\"https:\/\/portal.institutguindavols.cat\/?attachment_id=61060\" class=\"wp-image-61060\"\/><figcaption>Coral Ins Josep Lladonosa<\/figcaption><\/figure><\/li><li class=\"blocks-gallery-item\"><figure><img decoding=\"async\" src=\"https:\/\/portal.institutguindavols.cat\/wp-content\/uploads\/IMG20200130105514-1024x768.jpg\" alt=\"\" data-id=\"60820\" data-link=\"https:\/\/portal.institutguindavols.cat\/img20200130105514\/\" class=\"wp-image-60820\"\/><figcaption>Presentaci\u00f3 alumnat que viatj\u00e0 a Maurhausen al maig del 2019<\/figcaption><\/figure><\/li><li class=\"blocks-gallery-item\"><figure><img decoding=\"async\" src=\"https:\/\/portal.institutguindavols.cat\/wp-content\/uploads\/DSC_3135-1024x683.jpg\" alt=\"\" data-id=\"61062\" data-link=\"https:\/\/portal.institutguindavols.cat\/?attachment_id=61062\" class=\"wp-image-61062\"\/><figcaption>\u00c0lex Montoro, exalumne del centre<\/figcaption><\/figure><\/li><li class=\"blocks-gallery-item\"><figure><img decoding=\"async\" src=\"https:\/\/portal.institutguindavols.cat\/wp-content\/uploads\/DSC_3152-1024x683.jpg\" alt=\"\" data-id=\"61043\" data-link=\"https:\/\/portal.institutguindavols.cat\/?attachment_id=61043\" class=\"wp-image-61043\"\/><figcaption>V\u00eddeo explicant el viatge<\/figcaption><\/figure><\/li><li class=\"blocks-gallery-item\"><figure><img decoding=\"async\" src=\"https:\/\/portal.institutguindavols.cat\/wp-content\/uploads\/DSC_3154-1024x683.jpg\" alt=\"\" data-id=\"61044\" data-link=\"https:\/\/portal.institutguindavols.cat\/?attachment_id=61044\" class=\"wp-image-61044\"\/><figcaption>Presentaci\u00f3 de Carme Mart\u00ed<\/figcaption><\/figure><\/li><li class=\"blocks-gallery-item\"><figure><img decoding=\"async\" src=\"https:\/\/portal.institutguindavols.cat\/wp-content\/uploads\/IMG20200130111829-1024x768.jpg\" alt=\"\" data-id=\"60822\" data-link=\"https:\/\/portal.institutguindavols.cat\/img20200130111829\/\" class=\"wp-image-60822\"\/><figcaption>Xerrada de Carme Mart\u00ed<\/figcaption><\/figure><\/li><li class=\"blocks-gallery-item\"><figure><img decoding=\"async\" src=\"https:\/\/portal.institutguindavols.cat\/wp-content\/uploads\/IMG20200130110806-1024x768.jpg\" alt=\"\" data-id=\"60821\" data-link=\"https:\/\/portal.institutguindavols.cat\/img20200130110806\/\" class=\"wp-image-60821\"\/><\/figure><\/li><li class=\"blocks-gallery-item\"><figure><img decoding=\"async\" src=\"https:\/\/portal.institutguindavols.cat\/wp-content\/uploads\/DSC_1128-1024x682.jpg\" alt=\"\" data-id=\"61049\" data-link=\"https:\/\/portal.institutguindavols.cat\/?attachment_id=61049\" class=\"wp-image-61049\"\/><\/figure><\/li><li class=\"blocks-gallery-item\"><figure><img decoding=\"async\" src=\"https:\/\/portal.institutguindavols.cat\/wp-content\/uploads\/IMG20200130085005-1024x768.jpg\" alt=\"\" data-id=\"60812\" data-link=\"https:\/\/portal.institutguindavols.cat\/img20200130085005\/\" class=\"wp-image-60812\"\/><figcaption>Teatre de Motxilla preparant la funci\u00f3<\/figcaption><\/figure><\/li><li class=\"blocks-gallery-item\"><figure><img decoding=\"async\" src=\"https:\/\/portal.institutguindavols.cat\/wp-content\/uploads\/IMG20200130085350-768x1024.jpg\" alt=\"\" data-id=\"60815\" data-link=\"https:\/\/portal.institutguindavols.cat\/img20200130085350\/\" class=\"wp-image-60815\"\/><\/figure><\/li><li class=\"blocks-gallery-item\"><figure><img decoding=\"async\" src=\"https:\/\/portal.institutguindavols.cat\/wp-content\/uploads\/IMG20200130085040-1024x768.jpg\" alt=\"\" data-id=\"60813\" data-link=\"https:\/\/portal.institutguindavols.cat\/img20200130085040\/\" class=\"wp-image-60813\"\/><\/figure><\/li><li class=\"blocks-gallery-item\"><figure><img decoding=\"async\" src=\"https:\/\/portal.institutguindavols.cat\/wp-content\/uploads\/DSC_3059-1024x683.jpg\" alt=\"\" data-id=\"61056\" data-link=\"https:\/\/portal.institutguindavols.cat\/?attachment_id=61056\" class=\"wp-image-61056\"\/><\/figure><\/li><li class=\"blocks-gallery-item\"><figure><img decoding=\"async\" src=\"https:\/\/portal.institutguindavols.cat\/wp-content\/uploads\/IMG20200130122626-1024x768.jpg\" alt=\"\" data-id=\"60823\" data-link=\"https:\/\/portal.institutguindavols.cat\/img20200130122626\/\" class=\"wp-image-60823\"\/><figcaption>Comen\u00e7a l&#8217;obra &#8220;El cintur\u00f3 d&#8217;Hip\u00f3lita&#8221;<\/figcaption><\/figure><\/li><li class=\"blocks-gallery-item\"><figure><img decoding=\"async\" src=\"https:\/\/portal.institutguindavols.cat\/wp-content\/uploads\/DSC_3171-1024x683.jpg\" alt=\"\" data-id=\"61045\" data-link=\"https:\/\/portal.institutguindavols.cat\/?attachment_id=61045\" class=\"wp-image-61045\"\/><\/figure><\/li><li class=\"blocks-gallery-item\"><figure><img decoding=\"async\" src=\"https:\/\/portal.institutguindavols.cat\/wp-content\/uploads\/DSC_1223-1024x682.jpg\" alt=\"\" data-id=\"61054\" data-link=\"https:\/\/portal.institutguindavols.cat\/?attachment_id=61054\" class=\"wp-image-61054\"\/><\/figure><\/li><li class=\"blocks-gallery-item\"><figure><img decoding=\"async\" src=\"https:\/\/portal.institutguindavols.cat\/wp-content\/uploads\/DSC_1173-1024x682.jpg\" alt=\"\" data-id=\"61050\" data-link=\"https:\/\/portal.institutguindavols.cat\/?attachment_id=61050\" class=\"wp-image-61050\"\/><\/figure><\/li><li class=\"blocks-gallery-item\"><figure><img decoding=\"async\" src=\"https:\/\/portal.institutguindavols.cat\/wp-content\/uploads\/DSC_1191-1024x681.jpg\" alt=\"\" data-id=\"61051\" data-link=\"https:\/\/portal.institutguindavols.cat\/?attachment_id=61051\" class=\"wp-image-61051\"\/><\/figure><\/li><li class=\"blocks-gallery-item\"><figure><img decoding=\"async\" src=\"https:\/\/portal.institutguindavols.cat\/wp-content\/uploads\/DSC_1208-1024x683.jpg\" alt=\"\" data-id=\"61053\" data-link=\"https:\/\/portal.institutguindavols.cat\/?attachment_id=61053\" class=\"wp-image-61053\"\/><\/figure><\/li><li class=\"blocks-gallery-item\"><figure><img decoding=\"async\" src=\"https:\/\/portal.institutguindavols.cat\/wp-content\/uploads\/DSC_1207-1024x680.jpg\" alt=\"\" data-id=\"61052\" data-link=\"https:\/\/portal.institutguindavols.cat\/?attachment_id=61052\" class=\"wp-image-61052\"\/><\/figure><\/li><li class=\"blocks-gallery-item\"><figure><img decoding=\"async\" src=\"https:\/\/portal.institutguindavols.cat\/wp-content\/uploads\/DSC_1235.NEF_-1024x679.jpg\" alt=\"\" data-id=\"61055\" data-link=\"https:\/\/portal.institutguindavols.cat\/?attachment_id=61055\" class=\"wp-image-61055\"\/><\/figure><\/li><li class=\"blocks-gallery-item\"><figure><img decoding=\"async\" src=\"https:\/\/portal.institutguindavols.cat\/wp-content\/uploads\/IMG-20200130-WA0014-1024x768.jpg\" alt=\"\" data-id=\"60811\" data-link=\"https:\/\/portal.institutguindavols.cat\/img-20200130-wa0014\/\" class=\"wp-image-60811\"\/><figcaption>Salutaci\u00f3 al p\u00fablic de la Companyia de Teatre i l&#8217;equip<\/figcaption><\/figure><\/li><li class=\"blocks-gallery-item\"><figure><img decoding=\"async\" src=\"https:\/\/portal.institutguindavols.cat\/wp-content\/uploads\/DSC_3102-1024x683.jpg\" alt=\"\" data-id=\"61059\" data-link=\"https:\/\/portal.institutguindavols.cat\/?attachment_id=61059\" class=\"wp-image-61059\"\/><figcaption>Finalitzaci\u00f3 de l&#8217;acte<\/figcaption><\/figure><\/li><li class=\"blocks-gallery-item\"><figure><img decoding=\"async\" src=\"https:\/\/portal.institutguindavols.cat\/wp-content\/uploads\/DSC_3189-1024x682.jpg\" alt=\"\" data-id=\"61063\" data-link=\"https:\/\/portal.institutguindavols.cat\/?attachment_id=61063\" class=\"wp-image-61063\"\/><figcaption>Foto de grup: grup DEMD i alumnat que va viatjar a Mauthausen<\/figcaption><\/figure><\/li><li class=\"blocks-gallery-item\"><figure><img decoding=\"async\" src=\"https:\/\/portal.institutguindavols.cat\/wp-content\/uploads\/IMG20200131121706-1024x768.jpg\" alt=\"\" data-id=\"60824\" data-link=\"https:\/\/portal.institutguindavols.cat\/img20200131121706\/\" class=\"wp-image-60824\"\/><figcaption>Divendres 1 de febrer, representaci\u00f3 de l&#8217;obra a l&#8217;institut<\/figcaption><\/figure><\/li><li class=\"blocks-gallery-item\"><figure><img decoding=\"async\" src=\"https:\/\/portal.institutguindavols.cat\/wp-content\/uploads\/IMG20200131121846-1024x768.jpg\" alt=\"\" data-id=\"60825\" data-link=\"https:\/\/portal.institutguindavols.cat\/img20200131121846\/\" class=\"wp-image-60825\"\/><\/figure><\/li><li class=\"blocks-gallery-item\"><figure><img decoding=\"async\" src=\"https:\/\/portal.institutguindavols.cat\/wp-content\/uploads\/IMG20200131121851-1024x768.jpg\" alt=\"\" data-id=\"60826\" data-link=\"https:\/\/portal.institutguindavols.cat\/img20200131121851\/\" class=\"wp-image-60826\"\/><\/figure><\/li><li class=\"blocks-gallery-item\"><figure><img decoding=\"async\" src=\"https:\/\/portal.institutguindavols.cat\/wp-content\/uploads\/IMG20200131132030-768x1024.jpg\" alt=\"\" data-id=\"60827\" data-link=\"https:\/\/portal.institutguindavols.cat\/img20200131132030\/\" class=\"wp-image-60827\"\/><figcaption>Homenatge a les dones deportades<\/figcaption><\/figure><\/li><li class=\"blocks-gallery-item\"><figure><img decoding=\"async\" src=\"https:\/\/portal.institutguindavols.cat\/wp-content\/uploads\/Anna-Frank-1024x1024.jpg\" alt=\"\" data-id=\"61066\" data-link=\"https:\/\/portal.institutguindavols.cat\/?attachment_id=61066\" class=\"wp-image-61066\"\/><figcaption>Anna Frank<\/figcaption><\/figure><\/li><li class=\"blocks-gallery-item\"><figure><img decoding=\"async\" src=\"https:\/\/portal.institutguindavols.cat\/wp-content\/uploads\/Charlote-Salomon-1024x1024.jpg\" alt=\"\" data-id=\"61064\" data-link=\"https:\/\/portal.institutguindavols.cat\/?attachment_id=61064\" class=\"wp-image-61064\"\/><figcaption>Charlotte Salomon<\/figcaption><\/figure><\/li><li class=\"blocks-gallery-item\"><figure><img decoding=\"async\" src=\"https:\/\/portal.institutguindavols.cat\/wp-content\/uploads\/Neus-Catala-1024x1024.jpg\" alt=\"\" data-id=\"61065\" data-link=\"https:\/\/portal.institutguindavols.cat\/?attachment_id=61065\" class=\"wp-image-61065\"\/><figcaption>Neus Catal\u00e0<\/figcaption><\/figure><\/li><li class=\"blocks-gallery-item\"><figure><img decoding=\"async\" src=\"https:\/\/portal.institutguindavols.cat\/wp-content\/uploads\/IMG20200203095028-1024x768.jpg\" alt=\"\" data-id=\"60834\" data-link=\"https:\/\/portal.institutguindavols.cat\/img20200203095028\/\" class=\"wp-image-60834\"\/><figcaption>1 de febrer, xerrada de M\u00edriam Roma<\/figcaption><\/figure><\/li><li class=\"blocks-gallery-item\"><figure><img decoding=\"async\" src=\"https:\/\/portal.institutguindavols.cat\/wp-content\/uploads\/IMG20200203094811-1024x768.jpg\" alt=\"\" data-id=\"60833\" data-link=\"https:\/\/portal.institutguindavols.cat\/img20200203094811\/\" class=\"wp-image-60833\"\/><\/figure><\/li><li class=\"blocks-gallery-item\"><figure><img decoding=\"async\" src=\"https:\/\/portal.institutguindavols.cat\/wp-content\/uploads\/IMG20200203101619-1024x768.jpg\" alt=\"\" data-id=\"60835\" data-link=\"https:\/\/portal.institutguindavols.cat\/img20200203101619\/\" class=\"wp-image-60835\"\/><\/figure><\/li><li class=\"blocks-gallery-item\"><figure><img decoding=\"async\" src=\"https:\/\/portal.institutguindavols.cat\/wp-content\/uploads\/IMG20200203094044-1024x768.jpg\" alt=\"\" data-id=\"60831\" data-link=\"https:\/\/portal.institutguindavols.cat\/img20200203094044\/\" class=\"wp-image-60831\"\/><\/figure><\/li><\/ul>\n","protected":false},"excerpt":{"rendered":"<p>Al llarg de la darrera setmana de gener i la primera de febrer, l&#8217;Institut ha organitzat i participat en actes en mem\u00f2ria de les v\u00edctimes de l&#8217;holocaust, coincidint amb la celebraci\u00f3 del 75\u00e8 aniversari de l&#8217;alliberament del Camp d&#8217;Auswitch.<\/p>\n<p>El passat dia 28 vam rebre la&hellip;  <a href=\"https:\/\/agora.xtec.cat\/iesguindavols\/general\/actes-en-memoria-de-les-victimes-de-lholocaust\/\" title=\"Read Actes en mem\u00f2ria de les v\u00edctimes de l&#8217;holocaust\">Llegeix m\u00e9s\u00bb<\/a><\/p>\n","protected":false},"author":1,"featured_media":61043,"comment_status":"closed","ping_status":"closed","sticky":false,"template":"","format":"standard","meta":{"_bbp_topic_count":0,"_bbp_reply_count":0,"_bbp_total_topic_count":0,"_bbp_total_reply_count":0,"_bbp_voice_count":0,"_bbp_anonymous_reply_count":0,"_bbp_topic_count_hidden":0,"_bbp_reply_count_hidden":0,"_bbp_forum_subforum_count":0,"footnotes":""},"categories":[1],"tags":[],"class_list":["post-61038","post","type-post","status-publish","format-standard","has-post-thumbnail","hentry","category-general"],"post_mailing_queue_ids":[],"_links":{"self":[{"href":"https:\/\/agora.xtec.cat\/iesguindavols\/wp-json\/wp\/v2\/posts\/61038","targetHints":{"allow":["GET"]}}],"collection":[{"href":"https:\/\/agora.xtec.cat\/iesguindavols\/wp-json\/wp\/v2\/posts"}],"about":[{"href":"https:\/\/agora.xtec.cat\/iesguindavols\/wp-json\/wp\/v2\/types\/post"}],"author":[{"embeddable":true,"href":"https:\/\/agora.xtec.cat\/iesguindavols\/wp-json\/wp\/v2\/users\/1"}],"replies":[{"embeddable":true,"href":"https:\/\/agora.xtec.cat\/iesguindavols\/wp-json\/wp\/v2\/comments?post=61038"}],"version-history":[{"count":0,"href":"https:\/\/agora.xtec.cat\/iesguindavols\/wp-json\/wp\/v2\/posts\/61038\/revisions"}],"wp:featuredmedia":[{"embeddable":true,"href":"https:\/\/agora.xtec.cat\/iesguindavols\/wp-json\/"}],"wp:attachment":[{"href":"https:\/\/agora.xtec.cat\/iesguindavols\/wp-json\/wp\/v2\/media?parent=61038"}],"wp:term":[{"taxonomy":"category","embeddable":true,"href":"https:\/\/agora.xtec.cat\/iesguindavols\/wp-json\/wp\/v2\/categories?post=61038"},{"taxonomy":"post_tag","embeddable":true,"href":"https:\/\/agora.xtec.cat\/iesguindavols\/wp-json\/wp\/v2\/tags?post=61038"}],"curies":[{"name":"wp","href":"https:\/\/api.w.org\/{rel}","templated":true}]}}