{"id":60909,"date":"2020-03-11T09:56:44","date_gmt":"2020-03-11T09:56:44","guid":{"rendered":"https:\/\/portal.institutguindavols.cat\/?p=60909"},"modified":"2020-03-11T09:56:44","modified_gmt":"2020-03-11T09:56:44","slug":"danfoss-cedeix-un-equip-de-refrigeracio-dultima-generacio-per-a-les-practiques-de-refrigeracio","status":"publish","type":"post","link":"https:\/\/agora.xtec.cat\/iesguindavols\/general\/danfoss-cedeix-un-equip-de-refrigeracio-dultima-generacio-per-a-les-practiques-de-refrigeracio\/","title":{"rendered":"Danfoss cedeix un equip de refrigeraci\u00f3 d&#8217;\u00faltima generaci\u00f3 per a les pr\u00e0ctiques de refrigeraci\u00f3"},"content":{"rendered":"\n<p>L&#8217;empresa Danfoss, multinacional referent en el sector dels equips i components per a sistemes de refrigeraci\u00f3, cedeix una unitat condensadora, amb caracter\u00edstiques de control i funcionament per assolir una alta efici\u00e8ncia energ\u00e8tica, per a realitzar pr\u00e0ctiques en els cicles formatius d&#8217;instal\u00b7lacions. Agra\u00efm a Danfoss el seu fort i constant comprom\u00eds amb la formaci\u00f3 dels futurs t\u00e8cnics del sector.<\/p>\n\n\n\n<figure class=\"wp-block-image\"><img decoding=\"async\" src=\"https:\/\/portal.institutguindavols.cat\/wp-content\/uploads\/WhatsApp-Image-2020-03-08-at-13.57.56-1024x768.jpeg\" alt=\"\" class=\"wp-image-61205\"\/><\/figure>\n","protected":false},"excerpt":{"rendered":"<p>L&#8217;empresa Danfoss, multinacional referent en el sector dels equips i components per a sistemes de refrigeraci\u00f3, cedeix una unitat condensadora, amb caracter\u00edstiques de control i funcionament per assolir una alta efici\u00e8ncia energ\u00e8tica, per a realitzar pr\u00e0ctiques en els cicles formatius d&#8217;instal\u00b7lacions. Agra\u00efm a Danfoss el&hellip;  <a href=\"https:\/\/agora.xtec.cat\/iesguindavols\/general\/danfoss-cedeix-un-equip-de-refrigeracio-dultima-generacio-per-a-les-practiques-de-refrigeracio\/\" title=\"Read Danfoss cedeix un equip de refrigeraci\u00f3 d&#8217;\u00faltima generaci\u00f3 per a les pr\u00e0ctiques de refrigeraci\u00f3\">Llegeix m\u00e9s\u00bb<\/a><\/p>\n","protected":false},"author":5,"featured_media":61205,"comment_status":"closed","ping_status":"closed","sticky":false,"template":"","format":"standard","meta":{"_bbp_topic_count":0,"_bbp_reply_count":0,"_bbp_total_topic_count":0,"_bbp_total_reply_count":0,"_bbp_voice_count":0,"_bbp_anonymous_reply_count":0,"_bbp_topic_count_hidden":0,"_bbp_reply_count_hidden":0,"_bbp_forum_subforum_count":0,"footnotes":""},"categories":[122,123,30,1,126,127,128],"tags":[],"class_list":["post-60909","post","type-post","status-publish","format-standard","has-post-thumbnail","hentry","category-cf-grau-mitja","category-cf-grau-superior","category-cicles-formatius","category-general","category-tecnic-en-installacions-frigorifiques-i-de-climatitzacio","category-tecnic-superior-en-manteniment-dinstallacions-termiques-i-de-fluids","category-familia-professional-dinstallacio-i-manteniment"],"post_mailing_queue_ids":[],"_links":{"self":[{"href":"https:\/\/agora.xtec.cat\/iesguindavols\/wp-json\/wp\/v2\/posts\/60909","targetHints":{"allow":["GET"]}}],"collection":[{"href":"https:\/\/agora.xtec.cat\/iesguindavols\/wp-json\/wp\/v2\/posts"}],"about":[{"href":"https:\/\/agora.xtec.cat\/iesguindavols\/wp-json\/wp\/v2\/types\/post"}],"author":[{"embeddable":true,"href":"https:\/\/agora.xtec.cat\/iesguindavols\/wp-json\/wp\/v2\/users\/5"}],"replies":[{"embeddable":true,"href":"https:\/\/agora.xtec.cat\/iesguindavols\/wp-json\/wp\/v2\/comments?post=60909"}],"version-history":[{"count":0,"href":"https:\/\/agora.xtec.cat\/iesguindavols\/wp-json\/wp\/v2\/posts\/60909\/revisions"}],"wp:featuredmedia":[{"embeddable":true,"href":"https:\/\/agora.xtec.cat\/iesguindavols\/wp-json\/"}],"wp:attachment":[{"href":"https:\/\/agora.xtec.cat\/iesguindavols\/wp-json\/wp\/v2\/media?parent=60909"}],"wp:term":[{"taxonomy":"category","embeddable":true,"href":"https:\/\/agora.xtec.cat\/iesguindavols\/wp-json\/wp\/v2\/categories?post=60909"},{"taxonomy":"post_tag","embeddable":true,"href":"https:\/\/agora.xtec.cat\/iesguindavols\/wp-json\/wp\/v2\/tags?post=60909"}],"curies":[{"name":"wp","href":"https:\/\/api.w.org\/{rel}","templated":true}]}}