{"id":60858,"date":"2020-02-07T08:53:58","date_gmt":"2020-02-07T08:53:58","guid":{"rendered":"https:\/\/portal.institutguindavols.cat\/?p=60858"},"modified":"2020-02-07T08:53:58","modified_gmt":"2020-02-07T08:53:58","slug":"gemma-pasqual-i-la-saga-de-la-xenia","status":"publish","type":"post","link":"https:\/\/agora.xtec.cat\/iesguindavols\/general\/gemma-pasqual-i-la-saga-de-la-xenia\/","title":{"rendered":"Gemma Pasqual i la saga de la X\u00e8nia"},"content":{"rendered":"\n<p>Dijous 6 de febrer ens ha visitat l&#8217;autora Gemma Pasqual, creadora de la trilogia &#8220;X\u00e8nia, tens un whatsapp&#8221;, &#8220;X\u00e8nia, #Keepcalm i fes un tuit&#8221;  i &#8220;X\u00e8nia, estimar no fa mal&#8221;.  L&#8217;alumnat de 2nESO A i B, que en coneix els llibres,  ha pogut conversar amb ella i  treure l&#8217;entrellat de certs dubtes que la lectura els plantejava.  A m\u00e9s a m\u00e9s, i escoltar les lli\u00e7ons que com a escriptora ha donat i han pogut con\u00e8ixer de primera m\u00e0 l&#8217;argument de la nova novel\u00b7la que presentar\u00e0 aviat.   <\/p>\n","protected":false},"excerpt":{"rendered":"<p>Dijous 6 de febrer ens ha visitat l&#8217;autora Gemma Pasqual, creadora de la trilogia &#8220;X\u00e8nia, tens un whatsapp&#8221;, &#8220;X\u00e8nia, #Keepcalm i fes un tuit&#8221;  i &#8220;X\u00e8nia, estimar no fa mal&#8221;.  L&#8217;alumnat de 2nESO A i B, que en coneix els llibres,  ha&hellip;  <a href=\"https:\/\/agora.xtec.cat\/iesguindavols\/general\/gemma-pasqual-i-la-saga-de-la-xenia\/\" title=\"Read Gemma Pasqual i la saga de la X\u00e8nia\">Llegeix m\u00e9s\u00bb<\/a><\/p>\n","protected":false},"author":1,"featured_media":60859,"comment_status":"closed","ping_status":"closed","sticky":false,"template":"","format":"standard","meta":{"_bbp_topic_count":0,"_bbp_reply_count":0,"_bbp_total_topic_count":0,"_bbp_total_reply_count":0,"_bbp_voice_count":0,"_bbp_anonymous_reply_count":0,"_bbp_topic_count_hidden":0,"_bbp_reply_count_hidden":0,"_bbp_forum_subforum_count":0,"footnotes":""},"categories":[1],"tags":[],"class_list":["post-60858","post","type-post","status-publish","format-standard","has-post-thumbnail","hentry","category-general"],"post_mailing_queue_ids":[],"_links":{"self":[{"href":"https:\/\/agora.xtec.cat\/iesguindavols\/wp-json\/wp\/v2\/posts\/60858","targetHints":{"allow":["GET"]}}],"collection":[{"href":"https:\/\/agora.xtec.cat\/iesguindavols\/wp-json\/wp\/v2\/posts"}],"about":[{"href":"https:\/\/agora.xtec.cat\/iesguindavols\/wp-json\/wp\/v2\/types\/post"}],"author":[{"embeddable":true,"href":"https:\/\/agora.xtec.cat\/iesguindavols\/wp-json\/wp\/v2\/users\/1"}],"replies":[{"embeddable":true,"href":"https:\/\/agora.xtec.cat\/iesguindavols\/wp-json\/wp\/v2\/comments?post=60858"}],"version-history":[{"count":0,"href":"https:\/\/agora.xtec.cat\/iesguindavols\/wp-json\/wp\/v2\/posts\/60858\/revisions"}],"wp:featuredmedia":[{"embeddable":true,"href":"https:\/\/agora.xtec.cat\/iesguindavols\/wp-json\/"}],"wp:attachment":[{"href":"https:\/\/agora.xtec.cat\/iesguindavols\/wp-json\/wp\/v2\/media?parent=60858"}],"wp:term":[{"taxonomy":"category","embeddable":true,"href":"https:\/\/agora.xtec.cat\/iesguindavols\/wp-json\/wp\/v2\/categories?post=60858"},{"taxonomy":"post_tag","embeddable":true,"href":"https:\/\/agora.xtec.cat\/iesguindavols\/wp-json\/wp\/v2\/tags?post=60858"}],"curies":[{"name":"wp","href":"https:\/\/api.w.org\/{rel}","templated":true}]}}